{"id":9214,"date":"2016-06-24T17:00:00","date_gmt":"2016-06-24T20:00:00","guid":{"rendered":"http:\/\/blogdoedvaldomagalhaes.com.br\/index.php\/2016\/06\/24\/tony-gel-e-miriam-fazem-video-apoiando\/"},"modified":"2019-02-09T00:44:48","modified_gmt":"2019-02-09T02:44:48","slug":"tony-gel-e-miriam-fazem-video-apoiando","status":"publish","type":"post","link":"https:\/\/blogdoedvaldomagalhaes.com.br\/index.php\/2016\/06\/24\/tony-gel-e-miriam-fazem-video-apoiando\/","title":{"rendered":"Tony Gel e Miriam fazem v\u00eddeo apoiando Ful\u00f4 de Mandacaru"},"content":{"rendered":"<div class=\"separator\" style=\"clear: both; text-align: center;\">\n<\/div>\n<p><\/p>\n<div style=\"text-align: justify;\">\nA banda Ful\u00f4 de Mandacaru est\u00e1 na final do programa SuperStar da Glogo, e casal Tony Gel (deputado estadual) e Miriam Lacerda (assessora especial do governador), que est\u00e1 torcendo pela banda fez um v\u00eddeo apoiando os conterr\u00e2neos.<\/div>\n","protected":false},"excerpt":{"rendered":"<p>A banda Ful\u00f4 de Mandacaru est\u00e1 na final do programa SuperStar da Glogo, e casal Tony Gel (deputado estadual) e&hellip;<\/p>\n","protected":false},"author":1,"featured_media":0,"comment_status":"open","ping_status":"open","sticky":false,"template":"","format":"standard","meta":{"footnotes":""},"categories":[1],"tags":[2322,1923,6,13730,995],"class_list":["post-9214","post","type-post","status-publish","format-standard","hentry","category-sem-categoria","tag-fulo-de-mandacaru","tag-miriam-lacerda","tag-noticias","tag-superstar","tag-tony-gel"],"_links":{"self":[{"href":"https:\/\/blogdoedvaldomagalhaes.com.br\/index.php\/wp-json\/wp\/v2\/posts\/9214","targetHints":{"allow":["GET"]}}],"collection":[{"href":"https:\/\/blogdoedvaldomagalhaes.com.br\/index.php\/wp-json\/wp\/v2\/posts"}],"about":[{"href":"https:\/\/blogdoedvaldomagalhaes.com.br\/index.php\/wp-json\/wp\/v2\/types\/post"}],"author":[{"embeddable":true,"href":"https:\/\/blogdoedvaldomagalhaes.com.br\/index.php\/wp-json\/wp\/v2\/users\/1"}],"replies":[{"embeddable":true,"href":"https:\/\/blogdoedvaldomagalhaes.com.br\/index.php\/wp-json\/wp\/v2\/comments?post=9214"}],"version-history":[{"count":1,"href":"https:\/\/blogdoedvaldomagalhaes.com.br\/index.php\/wp-json\/wp\/v2\/posts\/9214\/revisions"}],"predecessor-version":[{"id":9656,"href":"https:\/\/blogdoedvaldomagalhaes.com.br\/index.php\/wp-json\/wp\/v2\/posts\/9214\/revisions\/9656"}],"wp:attachment":[{"href":"https:\/\/blogdoedvaldomagalhaes.com.br\/index.php\/wp-json\/wp\/v2\/media?parent=9214"}],"wp:term":[{"taxonomy":"category","embeddable":true,"href":"https:\/\/blogdoedvaldomagalhaes.com.br\/index.php\/wp-json\/wp\/v2\/categories?post=9214"},{"taxonomy":"post_tag","embeddable":true,"href":"https:\/\/blogdoedvaldomagalhaes.com.br\/index.php\/wp-json\/wp\/v2\/tags?post=9214"}],"curies":[{"name":"wp","href":"https:\/\/api.w.org\/{rel}","templated":true}]}}