{"id":92115,"date":"2023-01-21T20:06:19","date_gmt":"2023-01-21T23:06:19","guid":{"rendered":"https:\/\/blogdoedvaldomagalhaes.com.br\/?p=92115"},"modified":"2023-01-21T20:06:20","modified_gmt":"2023-01-21T23:06:20","slug":"rocam-apreende-4-adolescentes-com-arma-de-fogo-acusados-de-cometer-varios-assaltos-em-caruaru","status":"publish","type":"post","link":"https:\/\/blogdoedvaldomagalhaes.com.br\/index.php\/2023\/01\/21\/rocam-apreende-4-adolescentes-com-arma-de-fogo-acusados-de-cometer-varios-assaltos-em-caruaru\/","title":{"rendered":"Rocam apreende 4 adolescentes com arma de fogo acusados de cometer v\u00e1rios assaltos em Caruaru"},"content":{"rendered":"<p style=\"text-align: justify;\"><span style=\"font-size: revert;\">Na sexta-feira (20), a ROCAM do 1\u00ba BIEsp, recebeu informa\u00e7\u00f5es que em uma casa no bairro Salgado, em Caruaru, havia v\u00e1rios indiv\u00edduos escondidos que teriam realizado v\u00e1rios assaltos no dia anterior.<\/span><\/p>\n<p style=\"text-align: justify;\">Ao chegar na porta da resid\u00eancia, foi visualizado pela janela da sala um indiv\u00edduo deitado no colch\u00e3o e embaixo um cabo de um rev\u00f3lver aparecendo.<br \/>\nFoi dada a ordem para que o indiv\u00edduo se levantasse com as m\u00e3os na cabe\u00e7a e posteriormente abrisse a porta, ao adentrar na resid\u00eancia verificou-se tratar de um rev\u00f3lver calibre 38 com quatro muni\u00e7\u00f5es no tambor, e realizada a busca no restante do im\u00f3vel, foram encontrados mais tr\u00eas indiv\u00edduos menores de idade, bem como 130 gramas de maconha.<\/p>\n<p style=\"text-align: justify;\">O menor que estava deitado no colch\u00e3o assumiu ser o propriet\u00e1rio dessa arma, alegou morar nesse im\u00f3vel, que emprestava essa arma para os demais, para cometerem assaltos e comprava os produtos de roubo, como carros e motos e em rela\u00e7\u00e3o a droga, disse que era apenas para o consumo dele e dos comparsas.<\/p>\n<p style=\"text-align: justify;\">Diante dos fatos, a equipe conduziu os imputados at\u00e9 a Delegacia de Plant\u00e3o, onde foi confeccionado um BOC por posse ilegal de arma de fogo. Foto: Divulga\u00e7\u00e3o\/PMPE.<\/p>\n<p style=\"text-align: justify;\">\u00a0Siga o Instagram do Blog @blogdoedvaldomagalhaes<\/p>\n","protected":false},"excerpt":{"rendered":"<p>Na sexta-feira (20), a ROCAM do 1\u00ba BIEsp, recebeu informa\u00e7\u00f5es que em uma casa no bairro Salgado, em Caruaru, havia&hellip;<\/p>\n","protected":false},"author":1,"featured_media":92116,"comment_status":"closed","ping_status":"open","sticky":false,"template":"","format":"standard","meta":{"footnotes":""},"categories":[14121],"tags":[2,19532,3406,26594],"class_list":["post-92115","post","type-post","status-publish","format-standard","has-post-thumbnail","hentry","category-policial","tag-blog-do-edvaldo-magalhaes","tag-blog-mais-acessado-e-visualizado-de-caruaru-e-regiao","tag-caruaru","tag-rocam-apreende-4-adolescentes-com-arma-de-fogo-acusados-de-cometer-varios-assaltos-em-caruaru"],"_links":{"self":[{"href":"https:\/\/blogdoedvaldomagalhaes.com.br\/index.php\/wp-json\/wp\/v2\/posts\/92115","targetHints":{"allow":["GET"]}}],"collection":[{"href":"https:\/\/blogdoedvaldomagalhaes.com.br\/index.php\/wp-json\/wp\/v2\/posts"}],"about":[{"href":"https:\/\/blogdoedvaldomagalhaes.com.br\/index.php\/wp-json\/wp\/v2\/types\/post"}],"author":[{"embeddable":true,"href":"https:\/\/blogdoedvaldomagalhaes.com.br\/index.php\/wp-json\/wp\/v2\/users\/1"}],"replies":[{"embeddable":true,"href":"https:\/\/blogdoedvaldomagalhaes.com.br\/index.php\/wp-json\/wp\/v2\/comments?post=92115"}],"version-history":[{"count":1,"href":"https:\/\/blogdoedvaldomagalhaes.com.br\/index.php\/wp-json\/wp\/v2\/posts\/92115\/revisions"}],"predecessor-version":[{"id":92117,"href":"https:\/\/blogdoedvaldomagalhaes.com.br\/index.php\/wp-json\/wp\/v2\/posts\/92115\/revisions\/92117"}],"wp:featuredmedia":[{"embeddable":true,"href":"https:\/\/blogdoedvaldomagalhaes.com.br\/index.php\/wp-json\/wp\/v2\/media\/92116"}],"wp:attachment":[{"href":"https:\/\/blogdoedvaldomagalhaes.com.br\/index.php\/wp-json\/wp\/v2\/media?parent=92115"}],"wp:term":[{"taxonomy":"category","embeddable":true,"href":"https:\/\/blogdoedvaldomagalhaes.com.br\/index.php\/wp-json\/wp\/v2\/categories?post=92115"},{"taxonomy":"post_tag","embeddable":true,"href":"https:\/\/blogdoedvaldomagalhaes.com.br\/index.php\/wp-json\/wp\/v2\/tags?post=92115"}],"curies":[{"name":"wp","href":"https:\/\/api.w.org\/{rel}","templated":true}]}}