{"id":92017,"date":"2023-01-19T09:56:06","date_gmt":"2023-01-19T12:56:06","guid":{"rendered":"https:\/\/blogdoedvaldomagalhaes.com.br\/?p=92017"},"modified":"2023-01-19T10:03:57","modified_gmt":"2023-01-19T13:03:57","slug":"unidade-de-hemodialise-do-hospital-mestre-vitalino-e-indicacao-do-vereador-nelson-diniz","status":"publish","type":"post","link":"https:\/\/blogdoedvaldomagalhaes.com.br\/index.php\/2023\/01\/19\/unidade-de-hemodialise-do-hospital-mestre-vitalino-e-indicacao-do-vereador-nelson-diniz\/","title":{"rendered":"<strong>Unidade de Hemodi\u00e1lise do Hospital Mestre Vitalino \u00e9 Indica\u00e7\u00e3o do vereador Nelson Diniz<\/strong>"},"content":{"rendered":"<p style=\"text-align: justify;\"><span style=\"font-weight: 400;\">A cidade de Caruaru agora conta com uma nova Unidade de Hemodi\u00e1lise no Hospital Mestre Vitalino (HMV), inaugurada desde o dia 26 de dezembro de 2022, pelo ex governador de Pernambuco Paulo C\u00e2mara, o espa\u00e7o apresenta capacidade m\u00e1xima de acolher 372 pacientes por m\u00eas.&nbsp; A a\u00e7\u00e3o atende a uma indica\u00e7\u00e3o legislativa do vereador Nelson Diniz (CID) ao governo do estado, impetrada desde o ano 2021.<\/span><\/p>\n<p style=\"text-align: justify;\"><span style=\"font-weight: 400;\">\u201cO meu objetivo enquanto vereador por Caruaru \u00e9 de sempre trabalhar pelo bem da popula\u00e7\u00e3o, de tornar acess\u00edvel e poss\u00edvel os servi\u00e7os que todos tem direito, mas sofrem com a escassez, como a complexidade da falta de vagas para o atendimento com foco no tratamento de hemodi\u00e1lise na cidade. Pautar essa proposi\u00e7\u00e3o na evolu\u00e7\u00e3o desse tratamento em Caruaru, era uma miss\u00e3o, e foi realizada gra\u00e7as a aten\u00e7\u00e3o da gest\u00e3o anterior do governo do estado, na responsabilidade do ex secret\u00e1rio de sa\u00fade Andr\u00e9 Longo e do ex governador Paulo C\u00e2mara, que atenderam a nossa solicita\u00e7\u00e3o com respaldo de uma grande estrutura que chega ao alcance de cerca de 2 milh\u00f5es de pessoas, j\u00e1 que beneficia 53 munic\u00edpios do nosso estado\u201d, destacou o parlamentar autor da indica\u00e7\u00e3o, Nelson Diniz.<\/span><\/p>\n<p style=\"text-align: justify;\"><span style=\"font-weight: 400;\">\u00c9 importante registrar que as atividades da unidade foram iniciadas agora em janeiro, e vem atendendo pacientes do interior de Pernambuco, beneficiando os 53 munic\u00edpios da 4\u00aa e 5\u00ba regionais de sa\u00fade, com a estimativa de cerca de 4,8 mil procedimentos ambulatorial mensalmente \u2013 que possibilita o paciente realizar a sess\u00e3o de hemodi\u00e1lise e retornar para casa.&nbsp;<\/span><\/p>\n\n\n<figure class=\"wp-block-image size-full\"><img loading=\"lazy\" decoding=\"async\" width=\"576\" height=\"1024\" src=\"https:\/\/blogdoedvaldomagalhaes.com.br\/wp-content\/uploads\/2023\/01\/IMG-20230119-WA0014.jpg\" alt=\"\" class=\"wp-image-92021\" srcset=\"https:\/\/blogdoedvaldomagalhaes.com.br\/wp-content\/uploads\/2023\/01\/IMG-20230119-WA0014.jpg 576w, https:\/\/blogdoedvaldomagalhaes.com.br\/wp-content\/uploads\/2023\/01\/IMG-20230119-WA0014-169x300.jpg 169w\" sizes=\"auto, (max-width: 576px) 100vw, 576px\" \/><\/figure>\n\n\n<p style=\"text-align: justify;\"><span style=\"font-weight: 400;\">De acordo com o diretor geral do HMV, Dr. Marcelo Cavalcanti, o equipamento traz benef\u00edcios em atendimento para os pacientes renais cr\u00f4nicos da regi\u00e3o. \u201cFicamos felizes com essa importante indica\u00e7\u00e3o do vereador Nelson Diniz. Todo o interior de Pernambuco ganha com a implementa\u00e7\u00e3o desta unidade. Afinal, muito se via o dilema dos pacientes em buscar tratamento de hemodi\u00e1lise nas proximidades de suas resid\u00eancias, e n\u00e3o existir vagas nas unidades, os pacientes tinham que realizar um percurso longo e ir para Recife realizar o procedimento que \u00e9 vital para quem sofre com problema renal cr\u00f4nico. Ficamos satisfeitos com todos os esfor\u00e7os para que esse trabalho e esse suporte de estrutura qualificada fosse disposto \u00e0 comunidade\u201d, ressaltou o diretor do hospital.\u00a0<\/span><\/p>\n<p style=\"text-align: justify;\"><span style=\"font-weight: 400;\">Ainda sobre a unidade de sa\u00fade, \u00e9 essencial destacar a disposi\u00e7\u00e3o dos espa\u00e7os que abrange atendimentos direcionados, como as consultas de pacientes de ambulat\u00f3rio de nefrologia &#8211; voltado aqueles que n\u00e3o necessitam de sess\u00e3o de hemodi\u00e1lise mas precisam de acompanhamento de especialista; Sala de Hemodi\u00e1lise que disp\u00f5e de 62 m\u00e1quinas de di\u00e1lise, com 02 m\u00e1quinas reservas, al\u00e9m de contar com o setor de tratamento de \u00e1gua, um sistema \u00fanico e necess\u00e1rio pra retirar subst\u00e2ncias como magn\u00e9sio e outras toxinas nocivas aos pacientes renais.\u00a0\u00a0<\/span><\/p>\n<p style=\"text-align: justify;\"><span style=\"font-weight: 400;\">\u00a0A constru\u00e7\u00e3o e o funcionamento do equipamento de sa\u00fade, tamb\u00e9m tem o objetivo de desafogar os leitos hospitalares, evitando que os pacientes permane\u00e7am internos aguardando senhas para realizar o tratamento de hemodi\u00e1lise, de forma ambulatorial, em uma unidade especializada.<\/span><\/p>\n\n\n<figure class=\"wp-block-image size-large\"><img loading=\"lazy\" decoding=\"async\" width=\"576\" height=\"1024\" src=\"https:\/\/blogdoedvaldomagalhaes.com.br\/wp-content\/uploads\/2023\/01\/IMG-20230119-WA0013-576x1024.jpg\" alt=\"\" class=\"wp-image-92023\" srcset=\"https:\/\/blogdoedvaldomagalhaes.com.br\/wp-content\/uploads\/2023\/01\/IMG-20230119-WA0013-576x1024.jpg 576w, https:\/\/blogdoedvaldomagalhaes.com.br\/wp-content\/uploads\/2023\/01\/IMG-20230119-WA0013-169x300.jpg 169w, https:\/\/blogdoedvaldomagalhaes.com.br\/wp-content\/uploads\/2023\/01\/IMG-20230119-WA0013.jpg 720w\" sizes=\"auto, (max-width: 576px) 100vw, 576px\" \/><\/figure>\n\n\n\n<p>Fotos: Divulga\u00e7\u00e3o <\/p>\n","protected":false},"excerpt":{"rendered":"<p>A cidade de Caruaru agora conta com uma nova Unidade de Hemodi\u00e1lise no Hospital Mestre Vitalino (HMV), inaugurada desde o&hellip;<\/p>\n","protected":false},"author":1,"featured_media":92018,"comment_status":"closed","ping_status":"open","sticky":false,"template":"","format":"standard","meta":{"footnotes":""},"categories":[14122],"tags":[2,19532,3406,26564],"class_list":["post-92017","post","type-post","status-publish","format-standard","has-post-thumbnail","hentry","category-politica","tag-blog-do-edvaldo-magalhaes","tag-blog-mais-acessado-e-visualizado-de-caruaru-e-regiao","tag-caruaru","tag-unidade-de-hemodialise-do-hospital-mestre-vitalino-e-indicacao-do-vereador-nelson-diniz"],"_links":{"self":[{"href":"https:\/\/blogdoedvaldomagalhaes.com.br\/index.php\/wp-json\/wp\/v2\/posts\/92017","targetHints":{"allow":["GET"]}}],"collection":[{"href":"https:\/\/blogdoedvaldomagalhaes.com.br\/index.php\/wp-json\/wp\/v2\/posts"}],"about":[{"href":"https:\/\/blogdoedvaldomagalhaes.com.br\/index.php\/wp-json\/wp\/v2\/types\/post"}],"author":[{"embeddable":true,"href":"https:\/\/blogdoedvaldomagalhaes.com.br\/index.php\/wp-json\/wp\/v2\/users\/1"}],"replies":[{"embeddable":true,"href":"https:\/\/blogdoedvaldomagalhaes.com.br\/index.php\/wp-json\/wp\/v2\/comments?post=92017"}],"version-history":[{"count":6,"href":"https:\/\/blogdoedvaldomagalhaes.com.br\/index.php\/wp-json\/wp\/v2\/posts\/92017\/revisions"}],"predecessor-version":[{"id":92027,"href":"https:\/\/blogdoedvaldomagalhaes.com.br\/index.php\/wp-json\/wp\/v2\/posts\/92017\/revisions\/92027"}],"wp:featuredmedia":[{"embeddable":true,"href":"https:\/\/blogdoedvaldomagalhaes.com.br\/index.php\/wp-json\/wp\/v2\/media\/92018"}],"wp:attachment":[{"href":"https:\/\/blogdoedvaldomagalhaes.com.br\/index.php\/wp-json\/wp\/v2\/media?parent=92017"}],"wp:term":[{"taxonomy":"category","embeddable":true,"href":"https:\/\/blogdoedvaldomagalhaes.com.br\/index.php\/wp-json\/wp\/v2\/categories?post=92017"},{"taxonomy":"post_tag","embeddable":true,"href":"https:\/\/blogdoedvaldomagalhaes.com.br\/index.php\/wp-json\/wp\/v2\/tags?post=92017"}],"curies":[{"name":"wp","href":"https:\/\/api.w.org\/{rel}","templated":true}]}}