{"id":92010,"date":"2023-01-19T08:33:04","date_gmt":"2023-01-19T11:33:04","guid":{"rendered":"https:\/\/blogdoedvaldomagalhaes.com.br\/?p=92010"},"modified":"2023-01-19T08:34:45","modified_gmt":"2023-01-19T11:34:45","slug":"governadora-raquel-lyra-sanciona-lei-da-reforma-administrativa","status":"publish","type":"post","link":"https:\/\/blogdoedvaldomagalhaes.com.br\/index.php\/2023\/01\/19\/governadora-raquel-lyra-sanciona-lei-da-reforma-administrativa\/","title":{"rendered":"Governadora Raquel Lyra sanciona Lei da Reforma Administrativa"},"content":{"rendered":"<p style=\"text-align: justify;\"><span style=\"color: initial; font-size: revert;\">A governadora de Pernambuco, Raquel Lyra, sancionou nesta quarta-feira (18), a Lei da Reforma Administrativa, permitindo ao novo governo a composi\u00e7\u00e3o de uma nova estrutura. O texto foi aprovado pela Assembleia Legislativa do Estado de Pernambuco (Alepe), em duas sess\u00f5es, na \u00faltima ter\u00e7a-feira, com os votos favor\u00e1veis de 39 deputados estaduais. A lei estadual n\u00b0 18.139, de 18 de janeiro de 2023, faz altera\u00e7\u00f5es na estrutura governamental para atender \u00e1reas estrat\u00e9gicas da administra\u00e7\u00e3o estadual, como Recursos H\u00eddricos, Saneamento, Transforma\u00e7\u00e3o Digital e Desenvolvimento Metropolitano.<\/span><\/p>\n<p style=\"text-align: justify;\">\u201cSancionamos a nossa Reforma Administrativa que vai nos permitir colocar em pr\u00e1tica os compromissos que temos para melhorar a qualidade de vida dos pernambucanos. Aproveito para agradecer a Alepe, que entendeu a necessidade destas mudan\u00e7as para o novo momento que Pernambuco come\u00e7ar a viver\u201d, enfatizou a governadora Raquel Lyra.<\/p>\n<p style=\"text-align: justify;\">Entre os destaques da reforma est\u00e1 a valoriza\u00e7\u00e3o dos professores e servidores da rede p\u00fablica estadual de ensino, com o aumento em 43% a gratifica\u00e7\u00e3o das fun\u00e7\u00f5es t\u00e9cnico-pedag\u00f3gicos das escolas. O teto das gratifica\u00e7\u00f5es passa de R$ 2,1 mil para R$ 3 mil. A partir de agora, o detalhamento desses benef\u00edcios ser\u00e1 normatizado via decreto, seguindo crit\u00e9rios de acordo com os cargos exercidos e o porte da escola. Na pr\u00e1tica, a mudan\u00e7a ir\u00e1 beneficiar 3.681 servidores efetivos da educa\u00e7\u00e3o estadual.<\/p>\n<p style=\"text-align: justify;\">A Lei tamb\u00e9m tem foco em outras \u00e1reas estrat\u00e9gicas para o desenvolvimento do estado, como Mobilidade, Recursos H\u00eddricos e Saneamento, Defesa Civil, Desenvolvimento Regional e Metropolitano e Transforma\u00e7\u00e3o Digital. A partir de agora, a Secretaria de Infraestrutura e Recursos H\u00eddricos ter\u00e1 uma pasta designada para prioriza\u00e7\u00e3o de cada tema. O texto da reforma ainda contempla a cria\u00e7\u00e3o da Secretaria Executiva de Transpar\u00eancia e Controle e a Diretoria de Transpar\u00eancia e Participa\u00e7\u00e3o Cidad\u00e3, ambas na Secretaria da Controladoria-Geral do Estado de Pernambuco (SCGE). Os dois \u00f3rg\u00e3os ir\u00e3o assegurar o compromisso de fortalecer a confian\u00e7a do cidad\u00e3o pernambucano na gest\u00e3o p\u00fablica, garantindo a cria\u00e7\u00e3o de ferramentas e solu\u00e7\u00f5es que fortale\u00e7am o acesso \u00e0s informa\u00e7\u00f5es da administra\u00e7\u00e3o estadual.<\/p>\n<p style=\"text-align: justify;\">Com foco em um programa mais articulado de preven\u00e7\u00e3o aos desastres, a Defesa Civil ser\u00e1 transferida da Casa Militar para a Secretaria de Defesa Social. O refor\u00e7o nas estrat\u00e9gias de desenvolvimento regional e metropolitano ser\u00e1 efetivado por meio da Secretaria de Planejamento, Gest\u00e3o e Desenvolvimento Regional. A nova Secretaria de Comunica\u00e7\u00e3o substituir\u00e1 a de Imprensa, e ir\u00e1 executar as pol\u00edticas de transforma\u00e7\u00e3o digital do governo. O novo organograma ainda prev\u00ea que a pol\u00edtica de preven\u00e7\u00e3o \u00e0s drogas seja vinculada \u00e0 Secretaria de Desenvolvimento Social, Crian\u00e7a, Juventude e Preven\u00e7\u00e3o \u00e0 Viol\u00eancia e \u00e0s Drogas.<\/p>\n<p style=\"text-align: justify;\">De acordo com a proposta aprovada pela Alepe, o ajuste no quadro de servidores \u00e9 de apenas 2,1%, sendo o impacto de R$ 25 milh\u00f5es absorvido pela economia de R$ 150 milh\u00f5es, j\u00e1 em execu\u00e7\u00e3o, comandada pela Secretaria da Fazenda atrav\u00e9s do Plano de Qualidade do Gasto P\u00fablico. Dessa forma, a mat\u00e9ria n\u00e3o representa impacto fiscal. O incremento \u00e9 de apenas 0,07% da arrecada\u00e7\u00e3o estadual (Receita Corrente L\u00edquida). Foto: Divulga\u00e7\u00e3o\/SEI.<\/p>\n<p style=\"text-align: justify;\">Siga o Instagram do Blog @blogdoedvaldomagalhaes<\/p>\n","protected":false},"excerpt":{"rendered":"<p>A governadora de Pernambuco, Raquel Lyra, sancionou nesta quarta-feira (18), a Lei da Reforma Administrativa, permitindo ao novo governo a&hellip;<\/p>\n","protected":false},"author":1,"featured_media":92012,"comment_status":"closed","ping_status":"open","sticky":false,"template":"","format":"standard","meta":{"footnotes":""},"categories":[14122],"tags":[2,19532,3406,26562],"class_list":["post-92010","post","type-post","status-publish","format-standard","has-post-thumbnail","hentry","category-politica","tag-blog-do-edvaldo-magalhaes","tag-blog-mais-acessado-e-visualizado-de-caruaru-e-regiao","tag-caruaru","tag-raquel-lyra-sanciona-lei-da-reforma-administrativa"],"_links":{"self":[{"href":"https:\/\/blogdoedvaldomagalhaes.com.br\/index.php\/wp-json\/wp\/v2\/posts\/92010","targetHints":{"allow":["GET"]}}],"collection":[{"href":"https:\/\/blogdoedvaldomagalhaes.com.br\/index.php\/wp-json\/wp\/v2\/posts"}],"about":[{"href":"https:\/\/blogdoedvaldomagalhaes.com.br\/index.php\/wp-json\/wp\/v2\/types\/post"}],"author":[{"embeddable":true,"href":"https:\/\/blogdoedvaldomagalhaes.com.br\/index.php\/wp-json\/wp\/v2\/users\/1"}],"replies":[{"embeddable":true,"href":"https:\/\/blogdoedvaldomagalhaes.com.br\/index.php\/wp-json\/wp\/v2\/comments?post=92010"}],"version-history":[{"count":1,"href":"https:\/\/blogdoedvaldomagalhaes.com.br\/index.php\/wp-json\/wp\/v2\/posts\/92010\/revisions"}],"predecessor-version":[{"id":92011,"href":"https:\/\/blogdoedvaldomagalhaes.com.br\/index.php\/wp-json\/wp\/v2\/posts\/92010\/revisions\/92011"}],"wp:featuredmedia":[{"embeddable":true,"href":"https:\/\/blogdoedvaldomagalhaes.com.br\/index.php\/wp-json\/wp\/v2\/media\/92012"}],"wp:attachment":[{"href":"https:\/\/blogdoedvaldomagalhaes.com.br\/index.php\/wp-json\/wp\/v2\/media?parent=92010"}],"wp:term":[{"taxonomy":"category","embeddable":true,"href":"https:\/\/blogdoedvaldomagalhaes.com.br\/index.php\/wp-json\/wp\/v2\/categories?post=92010"},{"taxonomy":"post_tag","embeddable":true,"href":"https:\/\/blogdoedvaldomagalhaes.com.br\/index.php\/wp-json\/wp\/v2\/tags?post=92010"}],"curies":[{"name":"wp","href":"https:\/\/api.w.org\/{rel}","templated":true}]}}