{"id":92003,"date":"2023-01-18T21:30:18","date_gmt":"2023-01-19T00:30:18","guid":{"rendered":"https:\/\/blogdoedvaldomagalhaes.com.br\/?p=92003"},"modified":"2023-01-18T21:30:18","modified_gmt":"2023-01-19T00:30:18","slug":"caruaru-tera-mais-dois-concursos-publicos-com-salarios-ate-r-45-mil","status":"publish","type":"post","link":"https:\/\/blogdoedvaldomagalhaes.com.br\/index.php\/2023\/01\/18\/caruaru-tera-mais-dois-concursos-publicos-com-salarios-ate-r-45-mil\/","title":{"rendered":"Caruaru ter\u00e1 mais dois concursos p\u00fablicos  com sal\u00e1rios at\u00e9 R$ 4,5 mil"},"content":{"rendered":"<p style=\"text-align: justify;\"><span style=\"color: initial; font-size: revert;\">A prefeitura de Caruaru publicou na noite desta quarta-feira (18.01), no Di\u00e1rio Oficial n\u00ba 1761, da cidade, mais dois editais do concurso p\u00fablico do munic\u00edpio. Um deles \u00e9 o Edital 01\/2023, da Autarquia de Urbanismo e Meio Ambiente de Caruaru (URB), que prev\u00ea o preenchimento de oito vagas de n\u00edvel superior, com sal\u00e1rios de R$ 4.500, e 13 vagas de n\u00edvel m\u00e9dio, com sal\u00e1rios de R$ 2 mil. J\u00e1 no Edital 01\/2023, do Instituto de Previd\u00eancia dos Servidores P\u00fablicos de Caruaru (Caruaruprev), est\u00e3o previstas quatro vagas para n\u00edvel superior, tamb\u00e9m com sal\u00e1rios de R$ 4.500. Para concorrer, os candidatos precisam ter idade m\u00ednima de 18 anos.<\/span><\/p>\n<p style=\"text-align: justify;\">O per\u00edodo de inscri\u00e7\u00f5es vai das 00h00 do dia 23.01.2023 \u00e0s 23h59 do dia 27.02.2023, que ser\u00e3o feitas, exclusivamente, atrav\u00e9s do site www.ibam-concursos.org.br . O candidato ter\u00e1 que desembolsar o valor de R$ 97 para concorrer \u00e0s vagas de n\u00edvel superior, e de R$ 72 para disputar os cargos de n\u00edvel m\u00e9dio. O pagamento das inscri\u00e7\u00f5es poder\u00e1 ser feito at\u00e9 o dia 28.02.2023. Entretanto, os candidatos que se enquadrarem nos crit\u00e9rios previstos nos editais, poder\u00e3o solicitar a isen\u00e7\u00e3o no mesmo per\u00edodo de inscri\u00e7\u00f5es. Todos os detalhes do concurso podem ser conferidos nas duas publica\u00e7\u00f5es.<\/p>\n<p style=\"text-align: justify;\">Das oito vagas de n\u00edvel superior oferecidas pela URB, uma \u00e9 para analista cont\u00e1bil, e exige a forma\u00e7\u00e3o de bacharelado em Ci\u00eancias Cont\u00e1beis. J\u00e1 para as tr\u00eas vagas de analista de controle e planejamento urbano, \u00e9 exigido o bacharelado em Arquitetura e Urbanismo. Tem tamb\u00e9m duas vagas para analista de gest\u00e3o e licenciamento ambiental, que exige bacharelado em Engenharia Ambiental, Engenharia Agron\u00f4mica ou Engenharia Florestal. Al\u00e9m dessas, tem uma vaga para analista de infraestrutura, que exige Bacharelado em Engenharia Civil, e uma para assessor jur\u00eddico, que exige a forma\u00e7\u00e3o de bacharelado em Direito. A carga hor\u00e1ria para todos os cargos \u00e9 de 40 horas semanais, com remunera\u00e7\u00e3o de R$ 4.500.<\/p>\n<p style=\"text-align: justify;\">Em rela\u00e7\u00e3o \u00e0s vagas da URB para n\u00edvel m\u00e9dio, s\u00e3o: dez para fiscal urbano, que exige o ensino m\u00e9dio completo, acrescido de Curso T\u00e9cnico em Edifica\u00e7\u00f5es; duas para fiscal ambiental, que exige Ensino M\u00e9dio Completo, acrescido de Curso T\u00e9cnico em Gest\u00e3o Ambiental; e uma para top\u00f3grafo, que, al\u00e9m do ensino m\u00e9dio completo, exige o Curso T\u00e9cnico em Topografia ou Agrimensura. A carga hor\u00e1ria para todos os cargos \u00e9 de 40 horas semanais e a remunera\u00e7\u00e3o \u00e9 de R$ 2 mil.<\/p>\n<p style=\"text-align: justify;\">Em rela\u00e7\u00e3o \u00e0s quatro vagas que est\u00e3o sendo ofertadas pelo Caruaruprev, duas s\u00e3o para Analista de Previd\u00eancia, na \u00e1rea administrativa, e exige gradua\u00e7\u00e3o de n\u00edvel superior em Administra\u00e7\u00e3o, Administra\u00e7\u00e3o P\u00fablica ou Direito, em grau de bacharelado ou de licenciatura plena. As outras duas s\u00e3o para analista de previd\u00eancia, na \u00e1rea cont\u00e1bil, e exigem gradua\u00e7\u00e3o de n\u00edvel superior em Ci\u00eancias Econ\u00f4micas, Ci\u00eancias Cont\u00e1beis ou Ci\u00eancia Atuarial, em grau de bacharelado ou de licenciatura plena. A carga hor\u00e1ria para todos os cargos \u00e9 de 40 horas semanais, com remunera\u00e7\u00e3o de R$ 4.500.<\/p>\n<p style=\"text-align: justify;\">A aplica\u00e7\u00e3o das provas objetivas e dissertativas ser\u00e1 no dia dois de abril de 2023, no per\u00edodo da manh\u00e3 para n\u00edvel superior, a partir das 09h05, e no per\u00edodo da tarde para n\u00edvel m\u00e9dio\/curso t\u00e9cnico, iniciando \u00e0s 15h35.<\/p>\n<p style=\"text-align: justify;\">A realiza\u00e7\u00e3o do certame est\u00e1 sendo acompanhada e normatizada pela Secretaria de Administra\u00e7\u00e3o de Caruaru (SAD), e conta com o Instituto Brasileiro de Administra\u00e7\u00e3o Municipal (IBAM) na execu\u00e7\u00e3o do processo seletivo. Foto: Reprodu\u00e7\u00e3o\/Internet.<\/p>\n<p style=\"text-align: justify;\">Siga o Instagram do Blog @blogdoedvaldomagalhaes.<\/p>\n","protected":false},"excerpt":{"rendered":"<p>A prefeitura de Caruaru publicou na noite desta quarta-feira (18.01), no Di\u00e1rio Oficial n\u00ba 1761, da cidade, mais dois editais&hellip;<\/p>\n","protected":false},"author":1,"featured_media":92004,"comment_status":"closed","ping_status":"open","sticky":false,"template":"","format":"standard","meta":{"footnotes":""},"categories":[14120],"tags":[2,19532,3406,26560],"class_list":["post-92003","post","type-post","status-publish","format-standard","has-post-thumbnail","hentry","category-noticias","tag-blog-do-edvaldo-magalhaes","tag-blog-mais-acessado-e-visualizado-de-caruaru-e-regiao","tag-caruaru","tag-caruaru-tera-mais-dois-concursos-publicos"],"_links":{"self":[{"href":"https:\/\/blogdoedvaldomagalhaes.com.br\/index.php\/wp-json\/wp\/v2\/posts\/92003","targetHints":{"allow":["GET"]}}],"collection":[{"href":"https:\/\/blogdoedvaldomagalhaes.com.br\/index.php\/wp-json\/wp\/v2\/posts"}],"about":[{"href":"https:\/\/blogdoedvaldomagalhaes.com.br\/index.php\/wp-json\/wp\/v2\/types\/post"}],"author":[{"embeddable":true,"href":"https:\/\/blogdoedvaldomagalhaes.com.br\/index.php\/wp-json\/wp\/v2\/users\/1"}],"replies":[{"embeddable":true,"href":"https:\/\/blogdoedvaldomagalhaes.com.br\/index.php\/wp-json\/wp\/v2\/comments?post=92003"}],"version-history":[{"count":1,"href":"https:\/\/blogdoedvaldomagalhaes.com.br\/index.php\/wp-json\/wp\/v2\/posts\/92003\/revisions"}],"predecessor-version":[{"id":92005,"href":"https:\/\/blogdoedvaldomagalhaes.com.br\/index.php\/wp-json\/wp\/v2\/posts\/92003\/revisions\/92005"}],"wp:featuredmedia":[{"embeddable":true,"href":"https:\/\/blogdoedvaldomagalhaes.com.br\/index.php\/wp-json\/wp\/v2\/media\/92004"}],"wp:attachment":[{"href":"https:\/\/blogdoedvaldomagalhaes.com.br\/index.php\/wp-json\/wp\/v2\/media?parent=92003"}],"wp:term":[{"taxonomy":"category","embeddable":true,"href":"https:\/\/blogdoedvaldomagalhaes.com.br\/index.php\/wp-json\/wp\/v2\/categories?post=92003"},{"taxonomy":"post_tag","embeddable":true,"href":"https:\/\/blogdoedvaldomagalhaes.com.br\/index.php\/wp-json\/wp\/v2\/tags?post=92003"}],"curies":[{"name":"wp","href":"https:\/\/api.w.org\/{rel}","templated":true}]}}