{"id":9197,"date":"2016-06-26T13:37:00","date_gmt":"2016-06-26T16:37:00","guid":{"rendered":"http:\/\/blogdoedvaldomagalhaes.com.br\/index.php\/2016\/06\/26\/dia-nacional-de-combate-ao-diabetes-e\/"},"modified":"2019-02-09T00:45:02","modified_gmt":"2019-02-09T02:45:02","slug":"dia-nacional-de-combate-ao-diabetes-e","status":"publish","type":"post","link":"https:\/\/blogdoedvaldomagalhaes.com.br\/index.php\/2016\/06\/26\/dia-nacional-de-combate-ao-diabetes-e\/","title":{"rendered":"Dia Nacional de Combate ao Diabetes \u00e9 comemora neste domingo"},"content":{"rendered":"<div class=\"separator\" style=\"clear: both; text-align: center;\">\n<a href=\"https:\/\/2.bp.blogspot.com\/-E-CuY54jhJc\/V2_ZiNsiwQI\/AAAAAAAAA6M\/P8EbMgbpkzkTt0Wd94aScUnyt-7sCPuFACLcB\/s1600\/diabetes.jpg\" imageanchor=\"1\" style=\"margin-left: 1em; margin-right: 1em;\"><img loading=\"lazy\" decoding=\"async\" border=\"0\" height=\"179\" src=\"http:\/\/blogdoedvaldomagalhaes.com.br\/wp-content\/uploads\/2016\/06\/diabetes.jpg\" width=\"320\" \/><\/a><\/div>\n<div class=\"MsoNormal\" style=\"margin-bottom: 0.0001pt; text-align: justify;\">\n<\/div>\n<div class=\"MsoNormal\" style=\"margin-bottom: 0.0001pt; text-align: justify;\">\nDia 26 de junho \u00e9 o Dia Nacional de Combate ao Diabetes, uma das \u00fanicas<br \/>\ndoen\u00e7as n\u00e3o infecciosas que pode ser considerada epid\u00eamica no nosso pa\u00eds. De<br \/>\nacordo com dados da Federa\u00e7\u00e3o Internacional de Diabetes (FDI), em todo o mundo<br \/>\nmais de 400 milh\u00f5es de pessoas t\u00eam a doen\u00e7a e um alto percentual vive em pa\u00edses<br \/>\nem desenvolvimento\u00b9. No Brasil, segundo o Minist\u00e9rio da Sa\u00fade, j\u00e1 s\u00e3o cerca de<br \/>\n14 milh\u00f5es de pessoas com diabetes e, a cada dia, aparecem 500 novos casos.<\/div>\n<div class=\"MsoNormal\" style=\"margin-bottom: 0.0001pt; text-align: justify;\">\n<\/div>\n<div class=\"separator\" style=\"clear: both; text-align: center;\">\n<a href=\"https:\/\/3.bp.blogspot.com\/--Y233PMOU9A\/V2_ZyRTmzpI\/AAAAAAAAA6U\/fEiU5alByWc4sfwpdk8vYCZITdNV6OIMwCLcB\/s1600\/diabetes%2B1.jpg\" imageanchor=\"1\" style=\"margin-left: 1em; margin-right: 1em;\"><img loading=\"lazy\" decoding=\"async\" border=\"0\" height=\"213\" src=\"http:\/\/blogdoedvaldomagalhaes.com.br\/wp-content\/uploads\/2016\/06\/diabetes1.jpg\" width=\"320\" \/><\/a><\/div>\n<div class=\"MsoNormal\" style=\"margin-bottom: 0.0001pt; text-align: justify;\">\n<\/div>\n<div class=\"MsoNormal\" style=\"margin-bottom: 0.0001pt; text-align: justify;\">\nO Brasil \u00e9 o 4\u00ba pa\u00eds do mundo com o maior n\u00famero de pessoas com<br \/>\ndiabetes, atr\u00e1s apenas da China, Estados Unidos e \u00cdndia. O grande desafio \u00e9 que<br \/>\nboa parte da popula\u00e7\u00e3o n\u00e3o sabe que tem a doen\u00e7a e a outra metade que sabe<br \/>\ncostuma n\u00e3o fazer o tratamento adequado, principalmente&nbsp;pelo desconforto<br \/>\nem medir a glicemia pela ponta de dedo.<\/div>\n<div class=\"MsoNormal\" style=\"margin-bottom: 0.0001pt; text-align: justify;\">\n<\/div>\n<div class=\"separator\" style=\"clear: both; text-align: center;\">\n<a href=\"https:\/\/3.bp.blogspot.com\/-a7Zn_P0ro5w\/V2_aBtODnDI\/AAAAAAAAA6c\/DxWk4y0bOm0JyrF6Dajb4Y-cP030bi9ZACLcB\/s1600\/diabetes%2B2.jpg\" imageanchor=\"1\" style=\"margin-left: 1em; margin-right: 1em;\"><img loading=\"lazy\" decoding=\"async\" border=\"0\" height=\"213\" src=\"http:\/\/blogdoedvaldomagalhaes.com.br\/wp-content\/uploads\/2016\/06\/diabetes2.jpg\" width=\"320\" \/><\/a><\/div>\n<div class=\"MsoNormal\" style=\"margin-bottom: 0.0001pt; text-align: justify;\">\n<\/div>\n<div class=\"MsoNormal\" style=\"margin-bottom: 0.0001pt; text-align: justify;\">\nPara se<br \/>\nter uma ideia, estima-se que apenas 1\/3 dos pacientes segue as recomenda\u00e7\u00f5es de<br \/>\nmonitoramento&nbsp;e 2\/3 admitem pular o teste da ponta de dedo por<br \/>\nconsider\u00e1-lo dolorido e invasivo demais.&nbsp; O problema \u00e9 que o<br \/>\nn\u00e3o controle do diabetes pode levar a pessoa a ter mais epis\u00f3dios de<br \/>\nhipoglicemia, quando o n\u00edvel de a\u00e7\u00facar no sangue cai muito, colocando a vida do<br \/>\npaciente em risco, e a s\u00e9rias complica\u00e7\u00f5es, como cegueira e amputa\u00e7\u00f5es.<\/div>\n<div style=\"text-align: center;\">\n<\/div>\n<div class=\"MsoNormal\" style=\"margin-bottom: 0.0001pt;\">\n&nbsp; &nbsp;<\/div>\n","protected":false},"excerpt":{"rendered":"<p>Dia 26 de junho \u00e9 o Dia Nacional de Combate ao Diabetes, uma das \u00fanicas doen\u00e7as n\u00e3o infecciosas que pode&hellip;<\/p>\n","protected":false},"author":1,"featured_media":0,"comment_status":"open","ping_status":"open","sticky":false,"template":"","format":"standard","meta":{"footnotes":""},"categories":[1],"tags":[11740,13923,13924,13925,1950],"class_list":["post-9197","post","type-post","status-publish","format-standard","hentry","category-sem-categoria","tag-brasil","tag-dia-nacional-de-combate-ao-diabetes","tag-fdi","tag-federacao-internacional-de-diabetes","tag-noticias-de-caruaru"],"_links":{"self":[{"href":"https:\/\/blogdoedvaldomagalhaes.com.br\/index.php\/wp-json\/wp\/v2\/posts\/9197","targetHints":{"allow":["GET"]}}],"collection":[{"href":"https:\/\/blogdoedvaldomagalhaes.com.br\/index.php\/wp-json\/wp\/v2\/posts"}],"about":[{"href":"https:\/\/blogdoedvaldomagalhaes.com.br\/index.php\/wp-json\/wp\/v2\/types\/post"}],"author":[{"embeddable":true,"href":"https:\/\/blogdoedvaldomagalhaes.com.br\/index.php\/wp-json\/wp\/v2\/users\/1"}],"replies":[{"embeddable":true,"href":"https:\/\/blogdoedvaldomagalhaes.com.br\/index.php\/wp-json\/wp\/v2\/comments?post=9197"}],"version-history":[{"count":1,"href":"https:\/\/blogdoedvaldomagalhaes.com.br\/index.php\/wp-json\/wp\/v2\/posts\/9197\/revisions"}],"predecessor-version":[{"id":9700,"href":"https:\/\/blogdoedvaldomagalhaes.com.br\/index.php\/wp-json\/wp\/v2\/posts\/9197\/revisions\/9700"}],"wp:attachment":[{"href":"https:\/\/blogdoedvaldomagalhaes.com.br\/index.php\/wp-json\/wp\/v2\/media?parent=9197"}],"wp:term":[{"taxonomy":"category","embeddable":true,"href":"https:\/\/blogdoedvaldomagalhaes.com.br\/index.php\/wp-json\/wp\/v2\/categories?post=9197"},{"taxonomy":"post_tag","embeddable":true,"href":"https:\/\/blogdoedvaldomagalhaes.com.br\/index.php\/wp-json\/wp\/v2\/tags?post=9197"}],"curies":[{"name":"wp","href":"https:\/\/api.w.org\/{rel}","templated":true}]}}