{"id":9195,"date":"2016-06-26T15:29:00","date_gmt":"2016-06-26T18:29:00","guid":{"rendered":"http:\/\/blogdoedvaldomagalhaes.com.br\/index.php\/2016\/06\/26\/corpo-de-bombeiros-faz-vistoria-no\/"},"modified":"2019-02-09T00:45:04","modified_gmt":"2019-02-09T02:45:04","slug":"corpo-de-bombeiros-faz-vistoria-no","status":"publish","type":"post","link":"https:\/\/blogdoedvaldomagalhaes.com.br\/index.php\/2016\/06\/26\/corpo-de-bombeiros-faz-vistoria-no\/","title":{"rendered":"Corpo de Bombeiros faz vistoria no P\u00e1tio de Eventos ap\u00f3s atos de vandalismo"},"content":{"rendered":"<div class=\"separator\" style=\"clear: both; text-align: center;\">\n<\/div>\n<div style=\"text-align: center;\">\n<\/div>\n<div class=\"separator\" style=\"clear: both; text-align: center;\">\nImagens Caruaru no Face<\/div>\n<div class=\"MsoNormal\" style=\"margin: 4.5pt 0cm; text-align: justify;\">\n<br \/>\nV\u00e1rios atos de vandalismo na noite desde s\u00e1bado (25) danificaram a<br \/>\nestrutura do P\u00e1tio de Eventos Luiz &#8220;Lua&#8221; Gonzaga, em Caruaru, com isto, uma equipe do Corpo de Bombeiros vai realizar uma<br \/>\nvistoria \u00e0s 15h deste domingo (26), para analisar se o p\u00e1tio est\u00e1 apto a oferecer a devida<br \/>\nseguran\u00e7a para os forrozeiros.&nbsp;E caso n\u00e3o seja poss\u00edvel consertar os estragos at\u00e9 a noite, existe a<br \/>\npossibilidade dos shows desta noite serem cancelados.&nbsp;<\/div>\n<div class=\"separator\" style=\"clear: both; text-align: center;\">\n<\/div>\n<div class=\"separator\" style=\"clear: both; text-align: center;\">\n<a href=\"https:\/\/1.bp.blogspot.com\/-4dDwsGcKaMA\/V2_ykSIyFqI\/AAAAAAAAA7s\/9NnH6CGOUo8BzbdfGZUI3KLOtmwiyceOQCKgB\/s1600\/p%25C3%25A1tio.jpg\" imageanchor=\"1\" style=\"margin-left: 1em; margin-right: 1em;\"><img loading=\"lazy\" decoding=\"async\" border=\"0\" height=\"156\" src=\"http:\/\/blogdoedvaldomagalhaes.com.br\/wp-content\/uploads\/2016\/06\/pC3A1tio-1.jpg\" width=\"320\" \/><\/a><\/div>\n<div class=\"MsoNormal\" style=\"margin: 4.5pt 0cm; text-align: justify;\">\n<br \/>\nDurante a madrugada foram vistos v\u00e1rios atos de vandalismo, segundo o juiz Marupiraja Ramos Ribas, do Juizado do Forr\u00f3. No plant\u00e3o do Juizado 174 pessoas foram atendidas no Posto M\u00e9dico, muitas pisoteadas. Um homem foi baleado na cabe\u00e7a, uma pessoa foi esfaqueada, um Capit\u00e3o da PMPE teve a perna quebrada, a passarela do Port\u00e3o 3 foi danificada e parte da estrutura dos Camarotes ficou comprometida.<\/p>\n<p>A Prefeitura de Caruaru enviou uma nota a imprensa, informando que apenas alguns port\u00f5es e grades foram avariados na noite deste s\u00e1bado (25), n\u00e3o comprometendo nenhuma outra parte da estrutura.<br \/>\nOs reparos necess\u00e1rios j\u00e1 foram realizados, e shows acontecer\u00e3o normalmente neste domingo (26).<\/p>\n<\/div>\n","protected":false},"excerpt":{"rendered":"<p>Imagens Caruaru no Face V\u00e1rios atos de vandalismo na noite desde s\u00e1bado (25) danificaram a estrutura do P\u00e1tio de Eventos&hellip;<\/p>\n","protected":false},"author":1,"featured_media":0,"comment_status":"open","ping_status":"open","sticky":false,"template":"","format":"standard","meta":{"footnotes":""},"categories":[1],"tags":[13921,7331,1950,3485,6222],"class_list":["post-9195","post","type-post","status-publish","format-standard","hentry","category-sem-categoria","tag-juizado-do-forro","tag-marupiraja-ramos-ribas","tag-noticias-de-caruaru","tag-patio-de-eventos-luiz-gonzaga","tag-sao-joao-de-caruaru"],"_links":{"self":[{"href":"https:\/\/blogdoedvaldomagalhaes.com.br\/index.php\/wp-json\/wp\/v2\/posts\/9195","targetHints":{"allow":["GET"]}}],"collection":[{"href":"https:\/\/blogdoedvaldomagalhaes.com.br\/index.php\/wp-json\/wp\/v2\/posts"}],"about":[{"href":"https:\/\/blogdoedvaldomagalhaes.com.br\/index.php\/wp-json\/wp\/v2\/types\/post"}],"author":[{"embeddable":true,"href":"https:\/\/blogdoedvaldomagalhaes.com.br\/index.php\/wp-json\/wp\/v2\/users\/1"}],"replies":[{"embeddable":true,"href":"https:\/\/blogdoedvaldomagalhaes.com.br\/index.php\/wp-json\/wp\/v2\/comments?post=9195"}],"version-history":[{"count":1,"href":"https:\/\/blogdoedvaldomagalhaes.com.br\/index.php\/wp-json\/wp\/v2\/posts\/9195\/revisions"}],"predecessor-version":[{"id":9708,"href":"https:\/\/blogdoedvaldomagalhaes.com.br\/index.php\/wp-json\/wp\/v2\/posts\/9195\/revisions\/9708"}],"wp:attachment":[{"href":"https:\/\/blogdoedvaldomagalhaes.com.br\/index.php\/wp-json\/wp\/v2\/media?parent=9195"}],"wp:term":[{"taxonomy":"category","embeddable":true,"href":"https:\/\/blogdoedvaldomagalhaes.com.br\/index.php\/wp-json\/wp\/v2\/categories?post=9195"},{"taxonomy":"post_tag","embeddable":true,"href":"https:\/\/blogdoedvaldomagalhaes.com.br\/index.php\/wp-json\/wp\/v2\/tags?post=9195"}],"curies":[{"name":"wp","href":"https:\/\/api.w.org\/{rel}","templated":true}]}}