{"id":9194,"date":"2016-06-26T15:29:00","date_gmt":"2016-06-26T18:29:00","guid":{"rendered":"http:\/\/blogdoedvaldomagalhaes.com.br\/index.php\/2016\/06\/26\/ex-vereador-e-encontrado-morto\/"},"modified":"2019-02-09T00:45:04","modified_gmt":"2019-02-09T02:45:04","slug":"ex-vereador-e-encontrado-morto","status":"publish","type":"post","link":"https:\/\/blogdoedvaldomagalhaes.com.br\/index.php\/2016\/06\/26\/ex-vereador-e-encontrado-morto\/","title":{"rendered":"Ex- vereador \u00e9 encontrado morto"},"content":{"rendered":"<div class=\"separator\" style=\"clear: both; text-align: center;\">\n<a href=\"https:\/\/2.bp.blogspot.com\/-wUt10DM15xw\/V2_12QyFulI\/AAAAAAAAA7w\/RXWfb5lkRugvI4LVL3tM9EpDXBh1wyKkwCLcB\/s1600\/anselmo.jpg\" imageanchor=\"1\" style=\"margin-left: 1em; margin-right: 1em;\"><img loading=\"lazy\" decoding=\"async\" border=\"0\" height=\"320\" src=\"http:\/\/blogdoedvaldomagalhaes.com.br\/wp-content\/uploads\/2016\/06\/anselmo.jpg\" width=\"232\" \/><\/a><\/div>\n<div style=\"background-color: white; color: #444444; font-family: Arial, Tahoma, Helvetica, FreeSans, sans-serif; font-size: 13px; line-height: 18.2px; text-align: justify;\">\n<\/div>\n<div style=\"background-color: white; color: #444444; font-family: arial, tahoma, helvetica, freesans, sans-serif; line-height: 18.2px; text-align: justify;\">\nFoi encontrado morto, o ex-vereador de Surubim, no Agreste de Pernambuco, Anselmo Gomes (PDT) 57 anos.<\/div>\n<div style=\"background-color: white; color: #444444; font-family: arial, tahoma, helvetica, freesans, sans-serif; line-height: 18.2px; text-align: justify;\">\n<\/div>\n<div style=\"background-color: white; color: #444444; font-family: arial, tahoma, helvetica, freesans, sans-serif; line-height: 18.2px; text-align: justify;\">\nO corpo teria sido encontrado j\u00e1 sem vida na casa onde mora, na manh\u00e3 deste domingo (26), no bairro S\u00e3o Sebasti\u00e3o. Segundo informa\u00e7\u00f5es coletadas junto a populares, a Pol\u00edcia precisou arrombar a porta para realizar o resgate.<\/div>\n<div style=\"background-color: white; color: #444444; font-family: arial, tahoma, helvetica, freesans, sans-serif; line-height: 18.2px; text-align: justify;\">\n<\/div>\n<div style=\"background-color: white; color: #444444; font-family: arial, tahoma, helvetica, freesans, sans-serif; line-height: 18.2px; text-align: justify;\">\nAnselmo havia passado por cirurgias card\u00edacas e, recentemente, iniciou o tratamento de hemodi\u00e1lise.&nbsp;<\/p>\n<p>A primeira hip\u00f3tese \u00e9 de que um infarto tenha causado o seu falecimento. Anselmo era conhecido por ser um grande entendedor da pol\u00edtica de Surubim e se preparava para disputar mais uma vez uma vaga na C\u00e2mara de Vereadores daquela cidade nas pr\u00f3ximas elei\u00e7\u00f5es.<\/p><\/div>\n<div style=\"background-color: white; color: #444444; font-family: arial, tahoma, helvetica, freesans, sans-serif; line-height: 18.2px; text-align: justify;\">\n<\/div>\n<div style=\"background-color: white; color: #444444; font-family: arial, tahoma, helvetica, freesans, sans-serif; line-height: 18.2px; text-align: justify;\">\nFonte: Al\u00f4 Surubim<\/p>\n<div style=\"font-size: 13px;\">\n<\/div>\n<div style=\"color: #333333; font-family: Arial, serif; font-size: 14.3px; line-height: 22.88px; text-align: left;\">\n<\/div>\n<\/div>\n","protected":false},"excerpt":{"rendered":"<p>Foi encontrado morto, o ex-vereador de Surubim, no Agreste de Pernambuco, Anselmo Gomes (PDT) 57 anos. O corpo teria sido&hellip;<\/p>\n","protected":false},"author":1,"featured_media":0,"comment_status":"open","ping_status":"open","sticky":false,"template":"","format":"standard","meta":{"footnotes":""},"categories":[1],"tags":[13919,13920,20,2895],"class_list":["post-9194","post","type-post","status-publish","format-standard","hentry","category-sem-categoria","tag-anselmo-gomes","tag-bairro-sao-sebastiao","tag-politica","tag-surubim"],"_links":{"self":[{"href":"https:\/\/blogdoedvaldomagalhaes.com.br\/index.php\/wp-json\/wp\/v2\/posts\/9194","targetHints":{"allow":["GET"]}}],"collection":[{"href":"https:\/\/blogdoedvaldomagalhaes.com.br\/index.php\/wp-json\/wp\/v2\/posts"}],"about":[{"href":"https:\/\/blogdoedvaldomagalhaes.com.br\/index.php\/wp-json\/wp\/v2\/types\/post"}],"author":[{"embeddable":true,"href":"https:\/\/blogdoedvaldomagalhaes.com.br\/index.php\/wp-json\/wp\/v2\/users\/1"}],"replies":[{"embeddable":true,"href":"https:\/\/blogdoedvaldomagalhaes.com.br\/index.php\/wp-json\/wp\/v2\/comments?post=9194"}],"version-history":[{"count":1,"href":"https:\/\/blogdoedvaldomagalhaes.com.br\/index.php\/wp-json\/wp\/v2\/posts\/9194\/revisions"}],"predecessor-version":[{"id":9706,"href":"https:\/\/blogdoedvaldomagalhaes.com.br\/index.php\/wp-json\/wp\/v2\/posts\/9194\/revisions\/9706"}],"wp:attachment":[{"href":"https:\/\/blogdoedvaldomagalhaes.com.br\/index.php\/wp-json\/wp\/v2\/media?parent=9194"}],"wp:term":[{"taxonomy":"category","embeddable":true,"href":"https:\/\/blogdoedvaldomagalhaes.com.br\/index.php\/wp-json\/wp\/v2\/categories?post=9194"},{"taxonomy":"post_tag","embeddable":true,"href":"https:\/\/blogdoedvaldomagalhaes.com.br\/index.php\/wp-json\/wp\/v2\/tags?post=9194"}],"curies":[{"name":"wp","href":"https:\/\/api.w.org\/{rel}","templated":true}]}}