{"id":9193,"date":"2016-06-26T17:03:00","date_gmt":"2016-06-26T20:03:00","guid":{"rendered":"http:\/\/blogdoedvaldomagalhaes.com.br\/index.php\/2016\/06\/26\/fulo-de-mandacaru-e-grande-campea-do\/"},"modified":"2019-02-09T00:45:04","modified_gmt":"2019-02-09T02:45:04","slug":"fulo-de-mandacaru-e-grande-campea-do","status":"publish","type":"post","link":"https:\/\/blogdoedvaldomagalhaes.com.br\/index.php\/2016\/06\/26\/fulo-de-mandacaru-e-grande-campea-do\/","title":{"rendered":"Ful\u00f4 de Mandacaru \u00e9 a grande Campe\u00e3 do SuperStar"},"content":{"rendered":"<div class=\"separator\" style=\"clear: both; text-align: center;\">\n<a href=\"https:\/\/2.bp.blogspot.com\/-Ic8c5bflB8w\/V3AK7dOE5HI\/AAAAAAAAA8I\/iDL_3I-woHApmKBV85o4RC8GpvvrMNRpQCLcB\/s1600\/fulo%2B3.jpg\" imageanchor=\"1\" style=\"margin-left: 1em; margin-right: 1em;\"><img loading=\"lazy\" decoding=\"async\" border=\"0\" height=\"320\" src=\"http:\/\/blogdoedvaldomagalhaes.com.br\/wp-content\/uploads\/2016\/06\/fulo3.jpg\" width=\"256\" \/><\/a><\/div>\n<p>\nCom 70% dos votos na final do programa SuperStar, a banda caruaruense Ful\u00f4 de Mandacaru \u00e9 a grande Campe\u00e3 do programa SuperStar da Globo.O pr\u00eamio \u00e9 de R$ 500 mil reais, al\u00e9m de um contrato com a gravadora Som Livre. Caruaru est\u00e1 literalmente em festa!<\/p>\n<p>Ou\u00e7a os agradecimentos de Armandinho<br \/>\n&nbsp;&nbsp;&nbsp;<iframe loading=\"lazy\" frameborder=\"no\" height=\"166\" scrolling=\"no\" src=\"https:\/\/w.soundcloud.com\/player\/?url=https%3A\/\/api.soundcloud.com\/tracks\/270944760&amp;color=ff5500&amp;auto_play=false&amp;hide_related=false&amp;show_comments=true&amp;show_user=true&amp;show_reposts=false\" width=\"100%\"><\/iframe><\/p>\n","protected":false},"excerpt":{"rendered":"<p>Com 70% dos votos na final do programa SuperStar, a banda caruaruense Ful\u00f4 de Mandacaru \u00e9 a grande Campe\u00e3 do&hellip;<\/p>\n","protected":false},"author":1,"featured_media":0,"comment_status":"open","ping_status":"open","sticky":false,"template":"","format":"standard","meta":{"footnotes":""},"categories":[1],"tags":[2322,12612,1950,13730],"class_list":["post-9193","post","type-post","status-publish","format-standard","hentry","category-sem-categoria","tag-fulo-de-mandacaru","tag-globo","tag-noticias-de-caruaru","tag-superstar"],"_links":{"self":[{"href":"https:\/\/blogdoedvaldomagalhaes.com.br\/index.php\/wp-json\/wp\/v2\/posts\/9193","targetHints":{"allow":["GET"]}}],"collection":[{"href":"https:\/\/blogdoedvaldomagalhaes.com.br\/index.php\/wp-json\/wp\/v2\/posts"}],"about":[{"href":"https:\/\/blogdoedvaldomagalhaes.com.br\/index.php\/wp-json\/wp\/v2\/types\/post"}],"author":[{"embeddable":true,"href":"https:\/\/blogdoedvaldomagalhaes.com.br\/index.php\/wp-json\/wp\/v2\/users\/1"}],"replies":[{"embeddable":true,"href":"https:\/\/blogdoedvaldomagalhaes.com.br\/index.php\/wp-json\/wp\/v2\/comments?post=9193"}],"version-history":[{"count":1,"href":"https:\/\/blogdoedvaldomagalhaes.com.br\/index.php\/wp-json\/wp\/v2\/posts\/9193\/revisions"}],"predecessor-version":[{"id":9710,"href":"https:\/\/blogdoedvaldomagalhaes.com.br\/index.php\/wp-json\/wp\/v2\/posts\/9193\/revisions\/9710"}],"wp:attachment":[{"href":"https:\/\/blogdoedvaldomagalhaes.com.br\/index.php\/wp-json\/wp\/v2\/media?parent=9193"}],"wp:term":[{"taxonomy":"category","embeddable":true,"href":"https:\/\/blogdoedvaldomagalhaes.com.br\/index.php\/wp-json\/wp\/v2\/categories?post=9193"},{"taxonomy":"post_tag","embeddable":true,"href":"https:\/\/blogdoedvaldomagalhaes.com.br\/index.php\/wp-json\/wp\/v2\/tags?post=9193"}],"curies":[{"name":"wp","href":"https:\/\/api.w.org\/{rel}","templated":true}]}}