{"id":9188,"date":"2016-06-27T15:44:00","date_gmt":"2016-06-27T18:44:00","guid":{"rendered":"http:\/\/blogdoedvaldomagalhaes.com.br\/index.php\/2016\/06\/27\/tony-gel-parabeniza-banda-fulo-de\/"},"modified":"2019-02-09T00:45:12","modified_gmt":"2019-02-09T02:45:12","slug":"tony-gel-parabeniza-banda-fulo-de","status":"publish","type":"post","link":"https:\/\/blogdoedvaldomagalhaes.com.br\/index.php\/2016\/06\/27\/tony-gel-parabeniza-banda-fulo-de\/","title":{"rendered":"Tony Gel parabeniza banda Ful\u00f4 de Mandacaru pela conquista do Superstar"},"content":{"rendered":"<div id=\"resize\" style=\"color: #333333; font-size: 15px; list-style: none; text-align: justify;\">\n<div class=\"separator\" style=\"clear: both; font-family: &quot;Open Sans&quot;, sans-serif; text-align: center;\">\n<a href=\"https:\/\/1.bp.blogspot.com\/-dneXV30-5r8\/V3FJbeKRWfI\/AAAAAAAABBQ\/4os6yNB4fs0Cc8JOh3GjCNMryrWKaN-zACLcB\/s1600\/tony%2Bgel.jpg\" imageanchor=\"1\" style=\"margin-left: 1em; margin-right: 1em;\"><img loading=\"lazy\" decoding=\"async\" border=\"0\" height=\"275\" src=\"http:\/\/blogdoedvaldomagalhaes.com.br\/wp-content\/uploads\/2016\/06\/tonygel.jpg\" width=\"320\" \/><\/a><\/div>\n<div style=\"font-family: &quot;Open Sans&quot;, sans-serif; list-style: none;\">\n<\/div>\n<div style=\"list-style: none;\">\nO deputado estadual Tony Gel, do PMDB, comemorou a vit\u00f3ria da banda Ful\u00f4 de Mandacaru no programa Superstar, da TV Globo. Para ele, a conquista enche os caruaruenses de orgulho.<\/div>\n<div style=\"list-style: none;\">\n<br style=\"list-style: none;\" \/>\u201cOs talentosos garotos caruaruenses provaram que h\u00e1 espa\u00e7o para se defender a aut\u00eantica m\u00fasica Regional Nordestina, assim como fazia o nosso Rei Luiz Gonzaga\u201d, afirmou o parlamentar.<\/p>\n<p>Fonte: R\u00e1dios Liberdade<\/p><\/div>\n<\/div>\n<p><br style=\"color: #333333; font-family: &quot;Open Sans&quot;, sans-serif; font-size: 14px; list-style: none;\" \/><\/p>\n","protected":false},"excerpt":{"rendered":"<p>O deputado estadual Tony Gel, do PMDB, comemorou a vit\u00f3ria da banda Ful\u00f4 de Mandacaru no programa Superstar, da TV&hellip;<\/p>\n","protected":false},"author":1,"featured_media":0,"comment_status":"open","ping_status":"open","sticky":false,"template":"","format":"standard","meta":{"footnotes":""},"categories":[1],"tags":[2322,5724,1950,20,995],"class_list":["post-9188","post","type-post","status-publish","format-standard","hentry","category-sem-categoria","tag-fulo-de-mandacaru","tag-luiz-gonzaga","tag-noticias-de-caruaru","tag-politica","tag-tony-gel"],"_links":{"self":[{"href":"https:\/\/blogdoedvaldomagalhaes.com.br\/index.php\/wp-json\/wp\/v2\/posts\/9188","targetHints":{"allow":["GET"]}}],"collection":[{"href":"https:\/\/blogdoedvaldomagalhaes.com.br\/index.php\/wp-json\/wp\/v2\/posts"}],"about":[{"href":"https:\/\/blogdoedvaldomagalhaes.com.br\/index.php\/wp-json\/wp\/v2\/types\/post"}],"author":[{"embeddable":true,"href":"https:\/\/blogdoedvaldomagalhaes.com.br\/index.php\/wp-json\/wp\/v2\/users\/1"}],"replies":[{"embeddable":true,"href":"https:\/\/blogdoedvaldomagalhaes.com.br\/index.php\/wp-json\/wp\/v2\/comments?post=9188"}],"version-history":[{"count":1,"href":"https:\/\/blogdoedvaldomagalhaes.com.br\/index.php\/wp-json\/wp\/v2\/posts\/9188\/revisions"}],"predecessor-version":[{"id":9742,"href":"https:\/\/blogdoedvaldomagalhaes.com.br\/index.php\/wp-json\/wp\/v2\/posts\/9188\/revisions\/9742"}],"wp:attachment":[{"href":"https:\/\/blogdoedvaldomagalhaes.com.br\/index.php\/wp-json\/wp\/v2\/media?parent=9188"}],"wp:term":[{"taxonomy":"category","embeddable":true,"href":"https:\/\/blogdoedvaldomagalhaes.com.br\/index.php\/wp-json\/wp\/v2\/categories?post=9188"},{"taxonomy":"post_tag","embeddable":true,"href":"https:\/\/blogdoedvaldomagalhaes.com.br\/index.php\/wp-json\/wp\/v2\/tags?post=9188"}],"curies":[{"name":"wp","href":"https:\/\/api.w.org\/{rel}","templated":true}]}}