{"id":9185,"date":"2016-06-27T16:51:00","date_gmt":"2016-06-27T19:51:00","guid":{"rendered":"http:\/\/blogdoedvaldomagalhaes.com.br\/index.php\/2016\/06\/27\/familia-lyra-comemora-titulo-da-fulo-de\/"},"modified":"2019-02-09T00:45:16","modified_gmt":"2019-02-09T02:45:16","slug":"familia-lyra-comemora-titulo-da-fulo-de","status":"publish","type":"post","link":"https:\/\/blogdoedvaldomagalhaes.com.br\/index.php\/2016\/06\/27\/familia-lyra-comemora-titulo-da-fulo-de\/","title":{"rendered":"Fam\u00edlia Lyra comemora t\u00edtulo da Ful\u00f4 de Mandacaru no Alto do Moura"},"content":{"rendered":"<div class=\"separator\" style=\"clear: both; text-align: center;\">\n<a href=\"https:\/\/2.bp.blogspot.com\/-pQQRmyMy4N8\/V3FXteQxnnI\/AAAAAAAABB4\/4rGjV8TWLF0JNifhnoioku71sI_gBC_bACLcB\/s1600\/raquel.jpg\" imageanchor=\"1\" style=\"margin-left: 1em; margin-right: 1em;\"><img loading=\"lazy\" decoding=\"async\" border=\"0\" height=\"214\" src=\"http:\/\/blogdoedvaldomagalhaes.com.br\/wp-content\/uploads\/2016\/06\/raquel.jpg\" width=\"320\" \/><\/a><\/div>\n<div class=\"separator\" style=\"clear: both; text-align: justify;\">\n<\/div>\n<div class=\"separator\" style=\"clear: both; text-align: justify;\">\nA Fam\u00edlia Lyra torceu pela vit\u00f3ria da banda Ful\u00f4 de Mandacaru, no programa SuperStar, da Globo, no Alto do Moura, atrav\u00e9s de um tel\u00e3o montado na resid\u00eancia dos familiares de Armandinho e Pingo, que integram a banda juntamente com Bruno. Estiverem presentes a deputada estadual Raquel Lyra (PSDB), o ex-governador Jo\u00e3o Lyra Neto (PSDB), entre outros. &#8220;Reunimos amigos e familiares para uma tarde de muito emo\u00e7\u00e3o e que se tornou inesquec\u00edvel&#8221;, comentou Raquel, que desde do in\u00edcio do programa, vinha se mobilizando em busca de votos para a Ful\u00f4 de Mandacaru.<\/div>\n","protected":false},"excerpt":{"rendered":"<p>A Fam\u00edlia Lyra torceu pela vit\u00f3ria da banda Ful\u00f4 de Mandacaru, no programa SuperStar, da Globo, no Alto do Moura,&hellip;<\/p>\n","protected":false},"author":1,"featured_media":0,"comment_status":"open","ping_status":"open","sticky":false,"template":"","format":"standard","meta":{"footnotes":""},"categories":[1],"tags":[3293,13909,2322,2567,1950,13912,20,1951,1229,13730],"class_list":["post-9185","post","type-post","status-publish","format-standard","hentry","category-sem-categoria","tag-alto-do-moura","tag-armandinho","tag-fulo-de-mandacaru","tag-joao-lyra-neto","tag-noticias-de-caruaru","tag-pingo","tag-politica","tag-psdb","tag-raquel-lyra","tag-superstar"],"_links":{"self":[{"href":"https:\/\/blogdoedvaldomagalhaes.com.br\/index.php\/wp-json\/wp\/v2\/posts\/9185","targetHints":{"allow":["GET"]}}],"collection":[{"href":"https:\/\/blogdoedvaldomagalhaes.com.br\/index.php\/wp-json\/wp\/v2\/posts"}],"about":[{"href":"https:\/\/blogdoedvaldomagalhaes.com.br\/index.php\/wp-json\/wp\/v2\/types\/post"}],"author":[{"embeddable":true,"href":"https:\/\/blogdoedvaldomagalhaes.com.br\/index.php\/wp-json\/wp\/v2\/users\/1"}],"replies":[{"embeddable":true,"href":"https:\/\/blogdoedvaldomagalhaes.com.br\/index.php\/wp-json\/wp\/v2\/comments?post=9185"}],"version-history":[{"count":1,"href":"https:\/\/blogdoedvaldomagalhaes.com.br\/index.php\/wp-json\/wp\/v2\/posts\/9185\/revisions"}],"predecessor-version":[{"id":9748,"href":"https:\/\/blogdoedvaldomagalhaes.com.br\/index.php\/wp-json\/wp\/v2\/posts\/9185\/revisions\/9748"}],"wp:attachment":[{"href":"https:\/\/blogdoedvaldomagalhaes.com.br\/index.php\/wp-json\/wp\/v2\/media?parent=9185"}],"wp:term":[{"taxonomy":"category","embeddable":true,"href":"https:\/\/blogdoedvaldomagalhaes.com.br\/index.php\/wp-json\/wp\/v2\/categories?post=9185"},{"taxonomy":"post_tag","embeddable":true,"href":"https:\/\/blogdoedvaldomagalhaes.com.br\/index.php\/wp-json\/wp\/v2\/tags?post=9185"}],"curies":[{"name":"wp","href":"https:\/\/api.w.org\/{rel}","templated":true}]}}