{"id":9181,"date":"2016-06-28T10:54:00","date_gmt":"2016-06-28T13:54:00","guid":{"rendered":"http:\/\/blogdoedvaldomagalhaes.com.br\/index.php\/2016\/06\/28\/maior-fogueira-do-mundo-sera-queimada\/"},"modified":"2019-02-09T00:45:19","modified_gmt":"2019-02-09T02:45:19","slug":"maior-fogueira-do-mundo-sera-queimada","status":"publish","type":"post","link":"https:\/\/blogdoedvaldomagalhaes.com.br\/index.php\/2016\/06\/28\/maior-fogueira-do-mundo-sera-queimada\/","title":{"rendered":"Maior Fogueira do Mundo ser\u00e1 queimada em Caruaru nesta v\u00e9spera de S\u00e3o Pedro"},"content":{"rendered":"<div class=\"separator\" style=\"clear: both; text-align: center;\">\n<\/div>\n<div class=\"separator\" style=\"clear: both; text-align: center;\">\n<a href=\"https:\/\/2.bp.blogspot.com\/-mz--IE6F6gk\/V3JWvLtOqhI\/AAAAAAAABEg\/GFU09Yz27Jgk6ETH5Q8DmkArrp-DvBPPwCLcB\/s1600\/fogueira%2B1.jpg\" imageanchor=\"1\" style=\"margin-left: 1em; margin-right: 1em;\"><img loading=\"lazy\" decoding=\"async\" border=\"0\" height=\"263\" src=\"http:\/\/blogdoedvaldomagalhaes.com.br\/wp-content\/uploads\/2016\/06\/fogueira1.jpg\" width=\"400\" \/><\/a><\/div>\n<p><\/p>\n<div style=\"background: white; border: 0px; color: #825e46; font-family: &quot;Roboto Slab&quot;, sans-serif; height: auto; list-style: none; margin-bottom: 10px; margin-top: 10px; outline: 0px; padding: 0px; text-align: justify; vertical-align: baseline;\">\nMantendo a tradi\u00e7\u00e3o das fogueiras do m\u00eas de junho, nesta ter\u00e7a-feira (28), v\u00e9spera de S\u00e3o Pedro, no P\u00e1tio da Igreja do Convento, no Bairro Divin\u00f3polis, em Caruaru, acontece a 40\u00ba edi\u00e7\u00e3o da queima da Maior Fogueira do Mundo. Cerca de cinco mil pessoas devem se reunir em volta da fogueira.<\/div>\n<div style=\"background: white; border: 0px; color: #825e46; font-family: &quot;Roboto Slab&quot;, sans-serif; height: auto; list-style: none; margin-bottom: 10px; margin-top: 10px; outline: 0px; padding: 0px; text-align: justify; vertical-align: baseline;\">\nA fogueira, com 13 metros de altura, foi toda confeccionada com madeira proveniente de podas das \u00e1rvores e pra\u00e7as do munic\u00edpio. A madeira foi guardada durante um ano, o que evitou o desmate da caatinga s\u00f3 para satisfazer a um folguedo tur\u00edstico.&nbsp;<\/div>\n<div style=\"background: white; border: 0px; color: #825e46; font-family: &quot;Roboto Slab&quot;, sans-serif; height: auto; list-style: none; margin-bottom: 10px; margin-top: 10px; outline: 0px; padding: 0px; text-align: justify; vertical-align: baseline;\">\nComo manda a tradi\u00e7\u00e3o, ap\u00f3s a Missa de homenagem ao Santo S\u00e3o Pedro, a fogueira \u00e9 acessa, e este ano o Frade capuchinho Abelardo, vai aben\u00e7oar.&nbsp;<\/div>\n<div style=\"background: white; border: 0px; color: #825e46; font-family: &quot;Roboto Slab&quot;, sans-serif; height: auto; list-style: none; margin-bottom: 10px; margin-top: 10px; outline: 0px; padding: 0px; text-align: justify; vertical-align: baseline;\">\nPara seguran\u00e7a daqueles que ficam em volta da fogueira, equipes do Corpo de Bombeiros e da Defesa Civil estar\u00e3o presentes. Para animar ainda mais a festa, apresenta\u00e7\u00f5es de Bacamarteiros, quadrilhas e um trio de forr\u00f3 p\u00e9-de-serra.<\/div>\n<div style=\"background: white; border: 0px; color: #825e46; font-family: &quot;Roboto Slab&quot;, sans-serif; height: auto; list-style: none; margin-bottom: 10px; margin-top: 10px; outline: 0px; padding: 0px; text-align: justify; vertical-align: baseline;\">\n<\/div>\n","protected":false},"excerpt":{"rendered":"<p>Mantendo a tradi\u00e7\u00e3o das fogueiras do m\u00eas de junho, nesta ter\u00e7a-feira (28), v\u00e9spera de S\u00e3o Pedro, no P\u00e1tio da Igreja&hellip;<\/p>\n","protected":false},"author":1,"featured_media":0,"comment_status":"open","ping_status":"open","sticky":false,"template":"","format":"standard","meta":{"footnotes":""},"categories":[1],"tags":[2663,12821,6909,13908,1950,13894],"class_list":["post-9181","post","type-post","status-publish","format-standard","hentry","category-sem-categoria","tag-bairro-divinopolis","tag-frei-abelardo","tag-igreja-do-convento","tag-maior-fogueira-do-mundo","tag-noticias-de-caruaru","tag-sao-de-joao-de-caruaru"],"_links":{"self":[{"href":"https:\/\/blogdoedvaldomagalhaes.com.br\/index.php\/wp-json\/wp\/v2\/posts\/9181","targetHints":{"allow":["GET"]}}],"collection":[{"href":"https:\/\/blogdoedvaldomagalhaes.com.br\/index.php\/wp-json\/wp\/v2\/posts"}],"about":[{"href":"https:\/\/blogdoedvaldomagalhaes.com.br\/index.php\/wp-json\/wp\/v2\/types\/post"}],"author":[{"embeddable":true,"href":"https:\/\/blogdoedvaldomagalhaes.com.br\/index.php\/wp-json\/wp\/v2\/users\/1"}],"replies":[{"embeddable":true,"href":"https:\/\/blogdoedvaldomagalhaes.com.br\/index.php\/wp-json\/wp\/v2\/comments?post=9181"}],"version-history":[{"count":1,"href":"https:\/\/blogdoedvaldomagalhaes.com.br\/index.php\/wp-json\/wp\/v2\/posts\/9181\/revisions"}],"predecessor-version":[{"id":9759,"href":"https:\/\/blogdoedvaldomagalhaes.com.br\/index.php\/wp-json\/wp\/v2\/posts\/9181\/revisions\/9759"}],"wp:attachment":[{"href":"https:\/\/blogdoedvaldomagalhaes.com.br\/index.php\/wp-json\/wp\/v2\/media?parent=9181"}],"wp:term":[{"taxonomy":"category","embeddable":true,"href":"https:\/\/blogdoedvaldomagalhaes.com.br\/index.php\/wp-json\/wp\/v2\/categories?post=9181"},{"taxonomy":"post_tag","embeddable":true,"href":"https:\/\/blogdoedvaldomagalhaes.com.br\/index.php\/wp-json\/wp\/v2\/tags?post=9181"}],"curies":[{"name":"wp","href":"https:\/\/api.w.org\/{rel}","templated":true}]}}