{"id":91743,"date":"2023-01-12T08:09:36","date_gmt":"2023-01-12T11:09:36","guid":{"rendered":"https:\/\/blogdoedvaldomagalhaes.com.br\/?p=91743"},"modified":"2023-01-12T08:30:31","modified_gmt":"2023-01-12T11:30:31","slug":"seguranca-e-assassinado-em-caruaru-e-suspeito-do-crime-e-preso","status":"publish","type":"post","link":"https:\/\/blogdoedvaldomagalhaes.com.br\/index.php\/2023\/01\/12\/seguranca-e-assassinado-em-caruaru-e-suspeito-do-crime-e-preso\/","title":{"rendered":"Seguran\u00e7a \u00e9 assassinado em Caruaru e suspeito do crime \u00e9 preso"},"content":{"rendered":"\n<figure class=\"wp-block-gallery has-nested-images columns-default is-cropped wp-block-gallery-1 is-layout-flex wp-block-gallery-is-layout-flex\"><\/figure>\n\n\n<p style=\"text-align: justify;\">Um homic\u00eddio foi registrado na madrugada desta quinta-feira (12), na rua Severino Paulo da Silva, no bairro Severino Afonso (Afonsinho), em Caruaru. O seguran\u00e7a Paulo Valter da Silva, de 56 anos de idade, que trabalhava freelancer, foi assassinado com facadas no pesco\u00e7o e peito. O delegado Eric Costa informou que &#8220;a v\u00edtima e o acusado estavam em uma bebedeira dentro da casa onde moravam, quando houve um desentendimento entre o acusado e uma terceira pessoa, a v\u00edtima tentou apartar a briga e foi atingida com um golpe no pesco\u00e7o, morrendo antes do socorro m\u00e9dico&#8221;. O suspeito Jos\u00e9 Miranda de Azevedo, foi preso em flagrante. O corpo da v\u00edtima foi encaminhado para o IML de Caruaru.<\/p>\n<p style=\"text-align: justify;\">A Pol\u00edcia Militar fez o isolamento da \u00e1rea. Os peritos do Instituto de Criminalista &#8211; IC e a equipe da Delegacia de Homic\u00eddios, estiveram no local.<\/p>\n<p style=\"text-align: justify;\">Siga o Instagram do Blog @blogdoedvaldomagalhaes<\/p>\n\n\n<figure class=\"wp-block-gallery has-nested-images columns-default is-cropped wp-block-gallery-2 is-layout-flex wp-block-gallery-is-layout-flex\">\n<figure class=\"wp-block-image size-large\"><img loading=\"lazy\" decoding=\"async\" width=\"576\" height=\"1024\" data-id=\"91750\" src=\"https:\/\/blogdoedvaldomagalhaes.com.br\/wp-content\/uploads\/2023\/01\/IMG-20230112-WA0004-576x1024.jpg\" alt=\"\" class=\"wp-image-91750\" srcset=\"https:\/\/blogdoedvaldomagalhaes.com.br\/wp-content\/uploads\/2023\/01\/IMG-20230112-WA0004-576x1024.jpg 576w, https:\/\/blogdoedvaldomagalhaes.com.br\/wp-content\/uploads\/2023\/01\/IMG-20230112-WA0004-169x300.jpg 169w, https:\/\/blogdoedvaldomagalhaes.com.br\/wp-content\/uploads\/2023\/01\/IMG-20230112-WA0004.jpg 720w\" sizes=\"auto, (max-width: 576px) 100vw, 576px\" \/><\/figure>\n<\/figure>\n\n\n\n<p>Local onde ocorreu o homic\u00eddio <\/p>\n","protected":false},"excerpt":{"rendered":"<p>Um homic\u00eddio foi registrado na madrugada desta quinta-feira (12), na rua Severino Paulo da Silva, no bairro Severino Afonso (Afonsinho),&hellip;<\/p>\n","protected":false},"author":1,"featured_media":91744,"comment_status":"closed","ping_status":"open","sticky":false,"template":"","format":"standard","meta":{"footnotes":""},"categories":[14121],"tags":[2,19532,3406,5448,26500],"class_list":["post-91743","post","type-post","status-publish","format-standard","has-post-thumbnail","hentry","category-policial","tag-blog-do-edvaldo-magalhaes","tag-blog-mais-acessado-e-visualizado-de-caruaru-e-regiao","tag-caruaru","tag-homicidio","tag-seguranca-e-assassinado-em-caruaru-e-suspeito-do-crime-e-preso"],"_links":{"self":[{"href":"https:\/\/blogdoedvaldomagalhaes.com.br\/index.php\/wp-json\/wp\/v2\/posts\/91743","targetHints":{"allow":["GET"]}}],"collection":[{"href":"https:\/\/blogdoedvaldomagalhaes.com.br\/index.php\/wp-json\/wp\/v2\/posts"}],"about":[{"href":"https:\/\/blogdoedvaldomagalhaes.com.br\/index.php\/wp-json\/wp\/v2\/types\/post"}],"author":[{"embeddable":true,"href":"https:\/\/blogdoedvaldomagalhaes.com.br\/index.php\/wp-json\/wp\/v2\/users\/1"}],"replies":[{"embeddable":true,"href":"https:\/\/blogdoedvaldomagalhaes.com.br\/index.php\/wp-json\/wp\/v2\/comments?post=91743"}],"version-history":[{"count":3,"href":"https:\/\/blogdoedvaldomagalhaes.com.br\/index.php\/wp-json\/wp\/v2\/posts\/91743\/revisions"}],"predecessor-version":[{"id":91751,"href":"https:\/\/blogdoedvaldomagalhaes.com.br\/index.php\/wp-json\/wp\/v2\/posts\/91743\/revisions\/91751"}],"wp:featuredmedia":[{"embeddable":true,"href":"https:\/\/blogdoedvaldomagalhaes.com.br\/index.php\/wp-json\/wp\/v2\/media\/91744"}],"wp:attachment":[{"href":"https:\/\/blogdoedvaldomagalhaes.com.br\/index.php\/wp-json\/wp\/v2\/media?parent=91743"}],"wp:term":[{"taxonomy":"category","embeddable":true,"href":"https:\/\/blogdoedvaldomagalhaes.com.br\/index.php\/wp-json\/wp\/v2\/categories?post=91743"},{"taxonomy":"post_tag","embeddable":true,"href":"https:\/\/blogdoedvaldomagalhaes.com.br\/index.php\/wp-json\/wp\/v2\/tags?post=91743"}],"curies":[{"name":"wp","href":"https:\/\/api.w.org\/{rel}","templated":true}]}}