{"id":91737,"date":"2023-01-11T20:28:23","date_gmt":"2023-01-11T23:28:23","guid":{"rendered":"https:\/\/blogdoedvaldomagalhaes.com.br\/?p=91737"},"modified":"2023-01-11T20:28:23","modified_gmt":"2023-01-11T23:28:23","slug":"conselho-regional-de-administracao-de-pernambuco-elege-nova-diretoria-executiva","status":"publish","type":"post","link":"https:\/\/blogdoedvaldomagalhaes.com.br\/index.php\/2023\/01\/11\/conselho-regional-de-administracao-de-pernambuco-elege-nova-diretoria-executiva\/","title":{"rendered":"Conselho Regional de Administra\u00e7\u00e3o de Pernambuco elege nova diretoria executiva"},"content":{"rendered":"<p style=\"text-align: justify;\">Na sexta-feira (06.01), no audit\u00f3rio da Federa\u00e7\u00e3o das Ind\u00fastrias do Estado de Pernambuco (Fiepe), a posse dos Conselheiros Regionais de Pernambuco.<\/p>\n<p style=\"text-align: justify;\">Ao todo foram 12 Profissionais de Administra\u00e7\u00e3o eleitos no \u00faltimo pleito do Sistema CFA\/CRAs, em novembro do ano passado. Os novos Conselheiros \u00a0far\u00e3o parte do plen\u00e1rio por quatro anos (2023-2026), divididos entre Efetivos e Suplentes. Esses novos integrantes ir\u00e3o compor uma equipe com objetivo de manter os interesses dos Profissionais de Administra\u00e7\u00e3o no Estado.<\/p>\n<p style=\"text-align: justify;\">Na mesma sess\u00e3o a nova Diretoria Executiva do CRA-PE foi definida com os votos do Plen\u00e1rio sob a reg\u00eancia do Conselheiro de registro mais antigo, o ADM. Robert Frederic Mocock.<\/p>\n<p style=\"text-align: justify;\">Ap\u00f3s a vota\u00e7\u00e3o, ficou definido a seguinte diretoria para o Bi\u00eanio 2023-2024:<\/p>\n<ul style=\"text-align: justify;\">\n<li>Presidente do CRA-PE: Adm. Mychel Cosme Barreto<\/li>\n<li>Vice-presidente: Conselheiro Efetivo Adm.\u00a0\u00a0Jefferson Henrique Ara\u00fajo<\/li>\n<li>Diretor de Fiscaliza\u00e7\u00e3o e Registro: Conselheiro Efetivo Adm. Heverton Rodrigo de Souza<\/li>\n<li>Diretor Administrativo e Financeiro: Conselheiro Efetivo Adm. Emerson Menezes de Mendon\u00e7a<\/li>\n<li>Diretor de Rela\u00e7\u00f5es Institucionais: Conselheiro Efetivo Adm. Jefferson Henrique Ara\u00fajo<\/li>\n<\/ul>\n<p style=\"text-align: justify;\">O Presidente do CRA-PE Mychel Cosme Barreto finalizou a solenidade falando sobre os planos da nova gest\u00e3o. \u201c<em>Tenho certeza que com a nossa gest\u00e3o faremos do Regional Pernambucano um destaque nacional entre os demais, este \u00e9 o nosso desafio! Entramos para realizar um trabalho comprometido, trabalhando em conjunto com todos do Plen\u00e1rio para chegarmos em nossos objetivos tra\u00e7ados. Diante de in\u00fameros desafios precisamos estar juntos para mantermos a gest\u00e3o coesa. Pernambuco tem um grande potencial para os Profissionais de Administra\u00e7\u00e3o, e estamos prontos para batalhar pela nossa profiss\u00e3o.<\/em>\u201d<\/p>\n<p style=\"text-align: justify;\">O Adm. Jefferson Henrique Ara\u00fajo, Vice-Presidente tamb\u00e9m falou sobre as esperan\u00e7as para o Regional \u201c<em>que esta nova fase do CRA-PE seja de muita prosperidade e conquistas! Estamos juntos nessa luta.<\/em>\u201d Foto: Divulga\u00e7\u00e3o.<\/p>\n<p style=\"text-align: justify;\">Siga o Instagram do Blog @blogdoedvaldomagalhaes<\/p>\n","protected":false},"excerpt":{"rendered":"<p>Na sexta-feira (06.01), no audit\u00f3rio da Federa\u00e7\u00e3o das Ind\u00fastrias do Estado de Pernambuco (Fiepe), a posse dos Conselheiros Regionais de&hellip;<\/p>\n","protected":false},"author":1,"featured_media":91738,"comment_status":"closed","ping_status":"open","sticky":false,"template":"","format":"standard","meta":{"footnotes":""},"categories":[14120],"tags":[2,19532,3406,26499],"class_list":["post-91737","post","type-post","status-publish","format-standard","has-post-thumbnail","hentry","category-noticias","tag-blog-do-edvaldo-magalhaes","tag-blog-mais-acessado-e-visualizado-de-caruaru-e-regiao","tag-caruaru","tag-conselho-regional-de-administracao-de-pernambuco-elege-nova-diretoria-executiva"],"_links":{"self":[{"href":"https:\/\/blogdoedvaldomagalhaes.com.br\/index.php\/wp-json\/wp\/v2\/posts\/91737","targetHints":{"allow":["GET"]}}],"collection":[{"href":"https:\/\/blogdoedvaldomagalhaes.com.br\/index.php\/wp-json\/wp\/v2\/posts"}],"about":[{"href":"https:\/\/blogdoedvaldomagalhaes.com.br\/index.php\/wp-json\/wp\/v2\/types\/post"}],"author":[{"embeddable":true,"href":"https:\/\/blogdoedvaldomagalhaes.com.br\/index.php\/wp-json\/wp\/v2\/users\/1"}],"replies":[{"embeddable":true,"href":"https:\/\/blogdoedvaldomagalhaes.com.br\/index.php\/wp-json\/wp\/v2\/comments?post=91737"}],"version-history":[{"count":1,"href":"https:\/\/blogdoedvaldomagalhaes.com.br\/index.php\/wp-json\/wp\/v2\/posts\/91737\/revisions"}],"predecessor-version":[{"id":91739,"href":"https:\/\/blogdoedvaldomagalhaes.com.br\/index.php\/wp-json\/wp\/v2\/posts\/91737\/revisions\/91739"}],"wp:featuredmedia":[{"embeddable":true,"href":"https:\/\/blogdoedvaldomagalhaes.com.br\/index.php\/wp-json\/wp\/v2\/media\/91738"}],"wp:attachment":[{"href":"https:\/\/blogdoedvaldomagalhaes.com.br\/index.php\/wp-json\/wp\/v2\/media?parent=91737"}],"wp:term":[{"taxonomy":"category","embeddable":true,"href":"https:\/\/blogdoedvaldomagalhaes.com.br\/index.php\/wp-json\/wp\/v2\/categories?post=91737"},{"taxonomy":"post_tag","embeddable":true,"href":"https:\/\/blogdoedvaldomagalhaes.com.br\/index.php\/wp-json\/wp\/v2\/tags?post=91737"}],"curies":[{"name":"wp","href":"https:\/\/api.w.org\/{rel}","templated":true}]}}