{"id":91728,"date":"2023-01-11T18:00:43","date_gmt":"2023-01-11T21:00:43","guid":{"rendered":"https:\/\/blogdoedvaldomagalhaes.com.br\/?p=91728"},"modified":"2023-01-11T18:00:43","modified_gmt":"2023-01-11T21:00:43","slug":"reforma-proposta-por-raquel-lyra-criara-secretaria-executiva-de-transparencia-e-controle-em-pernambuco","status":"publish","type":"post","link":"https:\/\/blogdoedvaldomagalhaes.com.br\/index.php\/2023\/01\/11\/reforma-proposta-por-raquel-lyra-criara-secretaria-executiva-de-transparencia-e-controle-em-pernambuco\/","title":{"rendered":"Reforma proposta por Raquel Lyra criar\u00e1 Secretaria Executiva de Transpar\u00eancia e Controle em Pernambuco"},"content":{"rendered":"<p style=\"text-align: justify;\"><span style=\"font-size: revert;\">Como resultado da Reforma Administrativa, em tramita\u00e7\u00e3o na Assembleia Legislativa de Pernambuco (Alepe) desde a \u00faltima sexta-feira (6), o Governo de Pernambuco vai criar a Secretaria Executiva de Transpar\u00eancia e Controle e a Diretoria de Transpar\u00eancia e Participa\u00e7\u00e3o Cidad\u00e3, ambas na Secretaria da Controladoria-Geral do Estado de Pernambuco (SCGE). As unidades do \u00f3rg\u00e3o ir\u00e3o assegurar o compromisso de fortalecer a confian\u00e7a do cidad\u00e3o pernambucano na gest\u00e3o p\u00fablica, garantindo a cria\u00e7\u00e3o de ferramentas e solu\u00e7\u00f5es que fortale\u00e7am o acesso \u00e0s informa\u00e7\u00f5es da administra\u00e7\u00e3o estadual.<\/span><\/p>\n<p style=\"text-align: justify;\">\u201cAs duas estruturas que estamos propondo permitir\u00e3o uma articula\u00e7\u00e3o estrat\u00e9gica e uma coordena\u00e7\u00e3o das mais diversas a\u00e7\u00f5es de controle interno da Controladoria, promovendo o monitoramento, a normatiza\u00e7\u00e3o e a orienta\u00e7\u00e3o dos gestores p\u00fablicos sobre as melhores pr\u00e1ticas de transpar\u00eancia p\u00fablica. J\u00e1 est\u00e3o em estudo a\u00e7\u00f5es estruturadoras que ser\u00e3o postas em pr\u00e1tica, tais como o monitoramento cont\u00ednuo dos requisitos legais e dos rankings de transpar\u00eancia, o fomento do uso das ferramentas pelos cidad\u00e3os e provedores de dados, a avalia\u00e7\u00e3o dos servi\u00e7os p\u00fablicos e a realiza\u00e7\u00e3o de parcerias e eventos com a sociedade civil organizada\u201d, explica a controladora geral do Estado, \u00c9rika Lacet.<\/p>\n<p style=\"text-align: justify;\">A proposta de cria\u00e7\u00e3o de novas secretarias executivas visa otimizar os trabalhos da gest\u00e3o estadual em \u00e1reas estrat\u00e9gicas para o desenvolvimento do Estado, como Transpar\u00eancia, Desenvolvimento Metropolitano, Saneamento, Recursos H\u00eddricos e Transforma\u00e7\u00e3o Digital, por exemplo. Al\u00e9m disso, o texto ainda prop\u00f5e o aumento de 43% no valor da gratifica\u00e7\u00e3o das fun\u00e7\u00f5es t\u00e9cnico-pedag\u00f3gicas da rede p\u00fablica estadual de ensino. Para tal, h\u00e1 um ajuste de 2,1% no quadro total, com custo anual de R$ 25 milh\u00f5es, que ser\u00e3o absorvidos sem impacto fiscal em reflexo da economia de R$ 150 milh\u00f5es j\u00e1 anunciada pela Secretaria da Fazenda a partir do Plano de Qualidade do Gasto P\u00fablico.<\/p>\n<p style=\"text-align: justify;\">Atualmente, Pernambuco encara \u00edndices baixos de participa\u00e7\u00e3o popular e transpar\u00eancia. De acordo com ranking divulgado no in\u00edcio do ano pelo N\u00facleo de Estudos da Transpar\u00eancia Administrativa e da Comunica\u00e7\u00e3o de Interesse P\u00fablico (Netacip), da Universidade de S\u00e3o Paulo (USP), Pernambuco est\u00e1 em 17\u00b0 lugar no que se refere ao grau de transpar\u00eancia administrativa (Portal da Transpar\u00eancia), entre todos os estados brasileiros. \u201cO incremento \u00e0 transpar\u00eancia p\u00fablica ir\u00e1 fortalecer a percep\u00e7\u00e3o de um governo mais transparente e democr\u00e1tico, visto que a abertura de informa\u00e7\u00f5es por parte do governo aproxima os cidad\u00e3os pernambucanos das a\u00e7\u00f5es governamentais\u201d, finaliza a controladora.<\/p>\n","protected":false},"excerpt":{"rendered":"<p>Como resultado da Reforma Administrativa, em tramita\u00e7\u00e3o na Assembleia Legislativa de Pernambuco (Alepe) desde a \u00faltima sexta-feira (6), o Governo&hellip;<\/p>\n","protected":false},"author":1,"featured_media":91729,"comment_status":"closed","ping_status":"open","sticky":false,"template":"","format":"standard","meta":{"footnotes":""},"categories":[14122],"tags":[2,19532,3406,20295,26496],"class_list":["post-91728","post","type-post","status-publish","format-standard","has-post-thumbnail","hentry","category-politica","tag-blog-do-edvaldo-magalhaes","tag-blog-mais-acessado-e-visualizado-de-caruaru-e-regiao","tag-caruaru","tag-politica-2","tag-reforma-proposta-por-raquel-lyra-criara-secretaria-executiva-de-transparencia-e-controle-em-pernambuco"],"_links":{"self":[{"href":"https:\/\/blogdoedvaldomagalhaes.com.br\/index.php\/wp-json\/wp\/v2\/posts\/91728","targetHints":{"allow":["GET"]}}],"collection":[{"href":"https:\/\/blogdoedvaldomagalhaes.com.br\/index.php\/wp-json\/wp\/v2\/posts"}],"about":[{"href":"https:\/\/blogdoedvaldomagalhaes.com.br\/index.php\/wp-json\/wp\/v2\/types\/post"}],"author":[{"embeddable":true,"href":"https:\/\/blogdoedvaldomagalhaes.com.br\/index.php\/wp-json\/wp\/v2\/users\/1"}],"replies":[{"embeddable":true,"href":"https:\/\/blogdoedvaldomagalhaes.com.br\/index.php\/wp-json\/wp\/v2\/comments?post=91728"}],"version-history":[{"count":1,"href":"https:\/\/blogdoedvaldomagalhaes.com.br\/index.php\/wp-json\/wp\/v2\/posts\/91728\/revisions"}],"predecessor-version":[{"id":91730,"href":"https:\/\/blogdoedvaldomagalhaes.com.br\/index.php\/wp-json\/wp\/v2\/posts\/91728\/revisions\/91730"}],"wp:featuredmedia":[{"embeddable":true,"href":"https:\/\/blogdoedvaldomagalhaes.com.br\/index.php\/wp-json\/wp\/v2\/media\/91729"}],"wp:attachment":[{"href":"https:\/\/blogdoedvaldomagalhaes.com.br\/index.php\/wp-json\/wp\/v2\/media?parent=91728"}],"wp:term":[{"taxonomy":"category","embeddable":true,"href":"https:\/\/blogdoedvaldomagalhaes.com.br\/index.php\/wp-json\/wp\/v2\/categories?post=91728"},{"taxonomy":"post_tag","embeddable":true,"href":"https:\/\/blogdoedvaldomagalhaes.com.br\/index.php\/wp-json\/wp\/v2\/tags?post=91728"}],"curies":[{"name":"wp","href":"https:\/\/api.w.org\/{rel}","templated":true}]}}