{"id":91724,"date":"2023-01-11T15:57:45","date_gmt":"2023-01-11T18:57:45","guid":{"rendered":"https:\/\/blogdoedvaldomagalhaes.com.br\/?p=91724"},"modified":"2023-01-11T16:03:17","modified_gmt":"2023-01-11T19:03:17","slug":"vereador-carlinhos-da-ceaca-e-prefeito-rodrigo-pinheiro-recebem-apoio-do-lider-comunitario-igor-mendes","status":"publish","type":"post","link":"https:\/\/blogdoedvaldomagalhaes.com.br\/index.php\/2023\/01\/11\/vereador-carlinhos-da-ceaca-e-prefeito-rodrigo-pinheiro-recebem-apoio-do-lider-comunitario-igor-mendes\/","title":{"rendered":"Vereador Carlinhos da Ceaca e prefeito Rodrigo Pinheiro recebem apoio do l\u00edder comunit\u00e1rio Igor Mendes"},"content":{"rendered":"<p style=\"text-align: justify;\">O vereador Carlinhos da Ceaca e o prefeito de Caruaru, Rodrigo Pinheiro, receberam um importante apoio neste ano do l\u00edder comunit\u00e1rio e ex-presidente da Associa\u00e7\u00e3o dos Moradores do bairro Jo\u00e3o Mota, Igor Mendes.<\/p>\n<p style=\"text-align: justify;\">&#8220;Estou muito feliz por receber o apoio do companheiro Igor Mendes, que faz um excelente trabalho no bairro Jo\u00e3o Mota, e vai me ajudar bastante no Poder Legislativo de Caruaru&#8221;, afirmou o vereador Carlinhos da Ceaca. Foto: Vladimir Barreto.<\/p>\n<p style=\"text-align: justify;\">Siga o Instagram do Blog @blogdoedvaldomagalhaes<\/p>\n","protected":false},"excerpt":{"rendered":"<p>O vereador Carlinhos da Ceaca e o prefeito de Caruaru, Rodrigo Pinheiro, receberam um importante apoio neste ano do l\u00edder&hellip;<\/p>\n","protected":false},"author":1,"featured_media":91727,"comment_status":"closed","ping_status":"open","sticky":false,"template":"","format":"standard","meta":{"footnotes":""},"categories":[14122],"tags":[2,19532,3406,26495],"class_list":["post-91724","post","type-post","status-publish","format-standard","has-post-thumbnail","hentry","category-politica","tag-blog-do-edvaldo-magalhaes","tag-blog-mais-acessado-e-visualizado-de-caruaru-e-regiao","tag-caruaru","tag-vereador-carlinhos-da-ceaca-e-prefeito-rodrigo-pinheiro-recebem-apoio-do-lider-comunitario-igor-mendes"],"_links":{"self":[{"href":"https:\/\/blogdoedvaldomagalhaes.com.br\/index.php\/wp-json\/wp\/v2\/posts\/91724","targetHints":{"allow":["GET"]}}],"collection":[{"href":"https:\/\/blogdoedvaldomagalhaes.com.br\/index.php\/wp-json\/wp\/v2\/posts"}],"about":[{"href":"https:\/\/blogdoedvaldomagalhaes.com.br\/index.php\/wp-json\/wp\/v2\/types\/post"}],"author":[{"embeddable":true,"href":"https:\/\/blogdoedvaldomagalhaes.com.br\/index.php\/wp-json\/wp\/v2\/users\/1"}],"replies":[{"embeddable":true,"href":"https:\/\/blogdoedvaldomagalhaes.com.br\/index.php\/wp-json\/wp\/v2\/comments?post=91724"}],"version-history":[{"count":1,"href":"https:\/\/blogdoedvaldomagalhaes.com.br\/index.php\/wp-json\/wp\/v2\/posts\/91724\/revisions"}],"predecessor-version":[{"id":91726,"href":"https:\/\/blogdoedvaldomagalhaes.com.br\/index.php\/wp-json\/wp\/v2\/posts\/91724\/revisions\/91726"}],"wp:featuredmedia":[{"embeddable":true,"href":"https:\/\/blogdoedvaldomagalhaes.com.br\/index.php\/wp-json\/wp\/v2\/media\/91727"}],"wp:attachment":[{"href":"https:\/\/blogdoedvaldomagalhaes.com.br\/index.php\/wp-json\/wp\/v2\/media?parent=91724"}],"wp:term":[{"taxonomy":"category","embeddable":true,"href":"https:\/\/blogdoedvaldomagalhaes.com.br\/index.php\/wp-json\/wp\/v2\/categories?post=91724"},{"taxonomy":"post_tag","embeddable":true,"href":"https:\/\/blogdoedvaldomagalhaes.com.br\/index.php\/wp-json\/wp\/v2\/tags?post=91724"}],"curies":[{"name":"wp","href":"https:\/\/api.w.org\/{rel}","templated":true}]}}