{"id":91721,"date":"2023-01-11T11:44:31","date_gmt":"2023-01-11T14:44:31","guid":{"rendered":"https:\/\/blogdoedvaldomagalhaes.com.br\/?p=91721"},"modified":"2023-01-11T11:44:32","modified_gmt":"2023-01-11T14:44:32","slug":"prf-flagra-mais-um-caminhoneiro-com-rebite","status":"publish","type":"post","link":"https:\/\/blogdoedvaldomagalhaes.com.br\/index.php\/2023\/01\/11\/prf-flagra-mais-um-caminhoneiro-com-rebite\/","title":{"rendered":"PRF flagra mais um caminhoneiro com \u201crebite\u201d"},"content":{"rendered":"<p style=\"text-align: justify;\"><span style=\"font-size: revert;\">A Pol\u00edcia Rodovi\u00e1ria Federal (PRF) flagrou, nessa ter\u00e7a-feira (10), mais um caminhoneiro que durante fiscaliza\u00e7\u00e3o na BR-316, em Ouricuri, estava portando comprimidos de anfetamina \u2013 popularmente conhecidos como \u201crebite\u201d.<\/span><\/p>\n<p style=\"text-align: justify;\">Antes mesmo de ser questionado pelos policiais, o homem logo confessou ter na cabine do ve\u00edculo algumas cartelas da droga anfetamina. No total foram apreendidos 48 comprimidos. O caminhoneiro assinou termo de comparecimento na Justi\u00e7a e disse que n\u00e3o tinha nada a declarar sobre o il\u00edcito.<\/p>\n<p style=\"text-align: justify;\">O uso desse tipo de droga est\u00e1 muitas vezes associado \u00e0 condu\u00e7\u00e3o em excesso de velocidade, perda do controle do ve\u00edculo, colis\u00f5es, dire\u00e7\u00e3o agressiva e desatenta, al\u00e9m de execu\u00e7\u00e3o de manobras de alto risco.<\/p>\n<p style=\"text-align: justify;\">Utilizada ainda para manter o estado de alerta, levando muitas vezes \u00e0 desobedi\u00eancia do motorista \u00e0 lei do descanso obrigat\u00f3rio, as anfetaminas t\u00eam sua venda proibida pela Ag\u00eancia Nacional de Vigil\u00e2ncia Sanit\u00e1ria \u2013 ANVISA, conforme Portaria n\u00b0 344\/1998 .<\/p>\n<p style=\"text-align: justify;\">Resultados Operacionais \u2013 De janeiro a dezembro de 2022, a PRF em Pernambuco retirou de circula\u00e7\u00e3o 3.369 comprimidos de anfetaminas, durante fiscaliza\u00e7\u00f5es em todo o estado. Em 2023, a PRF j\u00e1 retirou de circula\u00e7\u00e3o 206 comprimidos de \u201crebite\u201d durante fiscaliza\u00e7\u00f5es no Estado.<\/p>\n<p style=\"text-align: justify;\">A PRF alerta que dirigir sob influ\u00eancia de \u201crebites\u201d \u00e9 infra\u00e7\u00e3o grav\u00edssima de tr\u00e2nsito, de acordo com o Art. 165 do C\u00f3digo de Tr\u00e2nsito Brasileiro (CTB), e pode colocar em risco a vida do motorista e de outras pessoas. Foto: Divulga\u00e7\u00e3o\/RF.<\/p>\n<p style=\"text-align: justify;\">Siga o Instagram do Blog @blogdoedvaldomagalhaes<\/p>\n","protected":false},"excerpt":{"rendered":"<p>A Pol\u00edcia Rodovi\u00e1ria Federal (PRF) flagrou, nessa ter\u00e7a-feira (10), mais um caminhoneiro que durante fiscaliza\u00e7\u00e3o na BR-316, em Ouricuri, estava&hellip;<\/p>\n","protected":false},"author":1,"featured_media":91722,"comment_status":"closed","ping_status":"open","sticky":false,"template":"","format":"standard","meta":{"footnotes":""},"categories":[14121],"tags":[2,19532,3406,10420,26494],"class_list":["post-91721","post","type-post","status-publish","format-standard","has-post-thumbnail","hentry","category-policial","tag-blog-do-edvaldo-magalhaes","tag-blog-mais-acessado-e-visualizado-de-caruaru-e-regiao","tag-caruaru","tag-ouricuri","tag-prf-flagra-mais-um-caminhoneiro-com-rebite"],"_links":{"self":[{"href":"https:\/\/blogdoedvaldomagalhaes.com.br\/index.php\/wp-json\/wp\/v2\/posts\/91721","targetHints":{"allow":["GET"]}}],"collection":[{"href":"https:\/\/blogdoedvaldomagalhaes.com.br\/index.php\/wp-json\/wp\/v2\/posts"}],"about":[{"href":"https:\/\/blogdoedvaldomagalhaes.com.br\/index.php\/wp-json\/wp\/v2\/types\/post"}],"author":[{"embeddable":true,"href":"https:\/\/blogdoedvaldomagalhaes.com.br\/index.php\/wp-json\/wp\/v2\/users\/1"}],"replies":[{"embeddable":true,"href":"https:\/\/blogdoedvaldomagalhaes.com.br\/index.php\/wp-json\/wp\/v2\/comments?post=91721"}],"version-history":[{"count":1,"href":"https:\/\/blogdoedvaldomagalhaes.com.br\/index.php\/wp-json\/wp\/v2\/posts\/91721\/revisions"}],"predecessor-version":[{"id":91723,"href":"https:\/\/blogdoedvaldomagalhaes.com.br\/index.php\/wp-json\/wp\/v2\/posts\/91721\/revisions\/91723"}],"wp:featuredmedia":[{"embeddable":true,"href":"https:\/\/blogdoedvaldomagalhaes.com.br\/index.php\/wp-json\/wp\/v2\/media\/91722"}],"wp:attachment":[{"href":"https:\/\/blogdoedvaldomagalhaes.com.br\/index.php\/wp-json\/wp\/v2\/media?parent=91721"}],"wp:term":[{"taxonomy":"category","embeddable":true,"href":"https:\/\/blogdoedvaldomagalhaes.com.br\/index.php\/wp-json\/wp\/v2\/categories?post=91721"},{"taxonomy":"post_tag","embeddable":true,"href":"https:\/\/blogdoedvaldomagalhaes.com.br\/index.php\/wp-json\/wp\/v2\/tags?post=91721"}],"curies":[{"name":"wp","href":"https:\/\/api.w.org\/{rel}","templated":true}]}}