{"id":91715,"date":"2023-01-11T09:31:48","date_gmt":"2023-01-11T12:31:48","guid":{"rendered":"https:\/\/blogdoedvaldomagalhaes.com.br\/?p=91715"},"modified":"2023-01-11T09:46:43","modified_gmt":"2023-01-11T12:46:43","slug":"encontrao-quinta-do-motociclista-caruaru","status":"publish","type":"post","link":"https:\/\/blogdoedvaldomagalhaes.com.br\/index.php\/2023\/01\/11\/encontrao-quinta-do-motociclista-caruaru\/","title":{"rendered":"Encontr\u00e3o Quinta do Motociclista Caruaru"},"content":{"rendered":"<p style=\"text-align: justify;\">Encontr\u00e3o Quinta do Motociclista Caruaru, acontece toda quinta-feira na Esta\u00e7\u00e3o Ferrovi\u00e1ria, a partir das 20h, com apresenta\u00e7\u00e3o de bandas locais. Al\u00e9m dos motoclubes participam grupos de bikes e carros antigos. O evento \u00e9 realizado pela M\u00e1xima Comunica\u00e7\u00e3o em parceria com a Virada de Palco e Movimento Motociclista de Caruaru.<\/p>\n<p style=\"text-align: justify;\">O encontr\u00e3o \u00e9 realizado h\u00e1 mais de 30 anos e desde o m\u00eas de outubro de 2022 est\u00e1 acontecendo com a participa\u00e7\u00e3o de bandas, valorizando os artistas locais.<\/p>\n<p style=\"text-align: justify;\">Nesta quinta-feira (12).Haver\u00e1 um Mega Tributo a JIMI HENDRIX, al\u00e9m de ter\u00a0um momento especial Coletamento de Membro do MOTO CLUBE CASACA DE COURO, e\u00a0Show ao Vivo.\u00a0Evento GRATUITO e Aberto ao P\u00fablico. Foto: Serpentes de A\u00e7o MC.<\/p>\n\n\n<figure class=\"wp-block-image size-large\"><img loading=\"lazy\" decoding=\"async\" width=\"724\" height=\"1024\" src=\"https:\/\/blogdoedvaldomagalhaes.com.br\/wp-content\/uploads\/2023\/01\/EF91916C-C882-4543-B65F-60B86B841659-724x1024.jpeg\" alt=\"\" class=\"wp-image-91717\" srcset=\"https:\/\/blogdoedvaldomagalhaes.com.br\/wp-content\/uploads\/2023\/01\/EF91916C-C882-4543-B65F-60B86B841659-724x1024.jpeg 724w, https:\/\/blogdoedvaldomagalhaes.com.br\/wp-content\/uploads\/2023\/01\/EF91916C-C882-4543-B65F-60B86B841659-212x300.jpeg 212w, https:\/\/blogdoedvaldomagalhaes.com.br\/wp-content\/uploads\/2023\/01\/EF91916C-C882-4543-B65F-60B86B841659-768x1086.jpeg 768w, https:\/\/blogdoedvaldomagalhaes.com.br\/wp-content\/uploads\/2023\/01\/EF91916C-C882-4543-B65F-60B86B841659-1086x1536.jpeg 1086w, https:\/\/blogdoedvaldomagalhaes.com.br\/wp-content\/uploads\/2023\/01\/EF91916C-C882-4543-B65F-60B86B841659.jpeg 1131w\" sizes=\"auto, (max-width: 724px) 100vw, 724px\" \/><\/figure>\n","protected":false},"excerpt":{"rendered":"<p>Encontr\u00e3o Quinta do Motociclista Caruaru, acontece toda quinta-feira na Esta\u00e7\u00e3o Ferrovi\u00e1ria, a partir das 20h, com apresenta\u00e7\u00e3o de bandas locais.&hellip;<\/p>\n","protected":false},"author":1,"featured_media":91716,"comment_status":"closed","ping_status":"open","sticky":false,"template":"","format":"standard","meta":{"footnotes":""},"categories":[14120],"tags":[2,19532,3406,26493],"class_list":["post-91715","post","type-post","status-publish","format-standard","has-post-thumbnail","hentry","category-noticias","tag-blog-do-edvaldo-magalhaes","tag-blog-mais-acessado-e-visualizado-de-caruaru-e-regiao","tag-caruaru","tag-encontrao-quinta-do-motociclista-caruaru"],"_links":{"self":[{"href":"https:\/\/blogdoedvaldomagalhaes.com.br\/index.php\/wp-json\/wp\/v2\/posts\/91715","targetHints":{"allow":["GET"]}}],"collection":[{"href":"https:\/\/blogdoedvaldomagalhaes.com.br\/index.php\/wp-json\/wp\/v2\/posts"}],"about":[{"href":"https:\/\/blogdoedvaldomagalhaes.com.br\/index.php\/wp-json\/wp\/v2\/types\/post"}],"author":[{"embeddable":true,"href":"https:\/\/blogdoedvaldomagalhaes.com.br\/index.php\/wp-json\/wp\/v2\/users\/1"}],"replies":[{"embeddable":true,"href":"https:\/\/blogdoedvaldomagalhaes.com.br\/index.php\/wp-json\/wp\/v2\/comments?post=91715"}],"version-history":[{"count":2,"href":"https:\/\/blogdoedvaldomagalhaes.com.br\/index.php\/wp-json\/wp\/v2\/posts\/91715\/revisions"}],"predecessor-version":[{"id":91720,"href":"https:\/\/blogdoedvaldomagalhaes.com.br\/index.php\/wp-json\/wp\/v2\/posts\/91715\/revisions\/91720"}],"wp:featuredmedia":[{"embeddable":true,"href":"https:\/\/blogdoedvaldomagalhaes.com.br\/index.php\/wp-json\/wp\/v2\/media\/91716"}],"wp:attachment":[{"href":"https:\/\/blogdoedvaldomagalhaes.com.br\/index.php\/wp-json\/wp\/v2\/media?parent=91715"}],"wp:term":[{"taxonomy":"category","embeddable":true,"href":"https:\/\/blogdoedvaldomagalhaes.com.br\/index.php\/wp-json\/wp\/v2\/categories?post=91715"},{"taxonomy":"post_tag","embeddable":true,"href":"https:\/\/blogdoedvaldomagalhaes.com.br\/index.php\/wp-json\/wp\/v2\/tags?post=91715"}],"curies":[{"name":"wp","href":"https:\/\/api.w.org\/{rel}","templated":true}]}}