{"id":91712,"date":"2023-01-10T22:47:38","date_gmt":"2023-01-11T01:47:38","guid":{"rendered":"https:\/\/blogdoedvaldomagalhaes.com.br\/?p=91712"},"modified":"2023-01-10T22:47:39","modified_gmt":"2023-01-11T01:47:39","slug":"vereador-ranilson-enfermeiro-faz-reivindicacoes-ao-prefeito-rodrigo-pinheiro","status":"publish","type":"post","link":"https:\/\/blogdoedvaldomagalhaes.com.br\/index.php\/2023\/01\/10\/vereador-ranilson-enfermeiro-faz-reivindicacoes-ao-prefeito-rodrigo-pinheiro\/","title":{"rendered":"Vereador Ranilson Enfermeiro faz reivindica\u00e7\u00f5es ao prefeito Rodrigo Pinheiro"},"content":{"rendered":"<p style=\"text-align: justify;\">O vereador Ranilson Enfermeiro se reuniu com o prefeito de Caruaru, Rodrigo Pinheiro, com intuito de reivindicar algumas obras de grande import\u00e2ncia que j\u00e1 foram solicitadas atrav\u00e9s de requerimentos aprovados nas sess\u00f5es da C\u00e2mara Municipal, como tamb\u00e9m atrav\u00e9s de of\u00edcios, mas que ainda n\u00e3o foram executadas, dentre elas est\u00e3o:<\/p>\n<p style=\"text-align: justify;\">\ud83d\udcccTerraplanagem dos Loteamentos Mestre Vitalinos I &amp; II.<br \/>\n\ud83d\udcccMelhorias na Vila Nossa Senhora das Gra\u00e7as e Taquara de Cima.<br \/>\n\ud83d\udcccCal\u00e7amentos em v\u00e1rias ruas.<br \/>\n\ud83d\udcccBuscar melhorias na infraestrutura do Cemit\u00e9rio S\u00e3o Vicente do bairro Alto do Moura, como uma poss\u00edvel amplia\u00e7\u00e3o do mesmo atrav\u00e9s de instala\u00e7\u00e3o de gavetas, tamb\u00e9m conhecida como l\u00f3culos.<br \/>\n\ud83d\udcccReparo nas cal\u00e7adas da Rua Mestre Vitalino que foram parcialmente danificadas pelas fortes chuvas.<\/p>\n<p style=\"text-align: justify;\">O prefeito Rodrigo j\u00e1 encaminhou para os secret\u00e1rios as demandas solicitadas com car\u00e1ter de urg\u00eancia \u00a0para o in\u00edcio das obras. Foto: Divulga\u00e7\u00e3o.<\/p>\n<p style=\"text-align: justify;\">Siga o Instagram do Blog @blogdoedvaldomagalhaes<\/p>\n","protected":false},"excerpt":{"rendered":"<p>O vereador Ranilson Enfermeiro se reuniu com o prefeito de Caruaru, Rodrigo Pinheiro, com intuito de reivindicar algumas obras de&hellip;<\/p>\n","protected":false},"author":1,"featured_media":91713,"comment_status":"closed","ping_status":"open","sticky":false,"template":"","format":"standard","meta":{"footnotes":""},"categories":[14122],"tags":[2,19532,3406,20295,26492],"class_list":["post-91712","post","type-post","status-publish","format-standard","has-post-thumbnail","hentry","category-politica","tag-blog-do-edvaldo-magalhaes","tag-blog-mais-acessado-e-visualizado-de-caruaru-e-regiao","tag-caruaru","tag-politica-2","tag-vereador-ranilson-enfermeiro-faz-reivindicacoes-ao-prefeito-rodrigo-pinheiro"],"_links":{"self":[{"href":"https:\/\/blogdoedvaldomagalhaes.com.br\/index.php\/wp-json\/wp\/v2\/posts\/91712","targetHints":{"allow":["GET"]}}],"collection":[{"href":"https:\/\/blogdoedvaldomagalhaes.com.br\/index.php\/wp-json\/wp\/v2\/posts"}],"about":[{"href":"https:\/\/blogdoedvaldomagalhaes.com.br\/index.php\/wp-json\/wp\/v2\/types\/post"}],"author":[{"embeddable":true,"href":"https:\/\/blogdoedvaldomagalhaes.com.br\/index.php\/wp-json\/wp\/v2\/users\/1"}],"replies":[{"embeddable":true,"href":"https:\/\/blogdoedvaldomagalhaes.com.br\/index.php\/wp-json\/wp\/v2\/comments?post=91712"}],"version-history":[{"count":1,"href":"https:\/\/blogdoedvaldomagalhaes.com.br\/index.php\/wp-json\/wp\/v2\/posts\/91712\/revisions"}],"predecessor-version":[{"id":91714,"href":"https:\/\/blogdoedvaldomagalhaes.com.br\/index.php\/wp-json\/wp\/v2\/posts\/91712\/revisions\/91714"}],"wp:featuredmedia":[{"embeddable":true,"href":"https:\/\/blogdoedvaldomagalhaes.com.br\/index.php\/wp-json\/wp\/v2\/media\/91713"}],"wp:attachment":[{"href":"https:\/\/blogdoedvaldomagalhaes.com.br\/index.php\/wp-json\/wp\/v2\/media?parent=91712"}],"wp:term":[{"taxonomy":"category","embeddable":true,"href":"https:\/\/blogdoedvaldomagalhaes.com.br\/index.php\/wp-json\/wp\/v2\/categories?post=91712"},{"taxonomy":"post_tag","embeddable":true,"href":"https:\/\/blogdoedvaldomagalhaes.com.br\/index.php\/wp-json\/wp\/v2\/tags?post=91712"}],"curies":[{"name":"wp","href":"https:\/\/api.w.org\/{rel}","templated":true}]}}