{"id":91706,"date":"2023-01-10T20:33:06","date_gmt":"2023-01-10T23:33:06","guid":{"rendered":"https:\/\/blogdoedvaldomagalhaes.com.br\/?p=91706"},"modified":"2023-01-10T20:43:35","modified_gmt":"2023-01-10T23:43:35","slug":"morre-no-recife-aos-89-anos-dr-raiz","status":"publish","type":"post","link":"https:\/\/blogdoedvaldomagalhaes.com.br\/index.php\/2023\/01\/10\/morre-no-recife-aos-89-anos-dr-raiz\/","title":{"rendered":"Morre no Recife, aos 89 anos, Dr. Raiz"},"content":{"rendered":"<p style=\"text-align: justify;\">\u00c9 com bastante pesar, que recebemos a not\u00edcia do falecimento do senhor Iz\u00eddio Salustiano Diniz, 89 anos, conhecido popularmente como Dr. Raiz. Ele passou por uma Cirurgia recentemente, no Hospital Get\u00falio Vargas, na Capital Pernambucana, e acabou falecendo, nesta ter\u00e7a-feira (10). O vel\u00f3rio ser\u00e1 realizado em sua resid\u00eancia, localizada \u00e0 Rua: Jo\u00e3o Salustiano, no bairro Vila Kennedy, pr\u00f3ximo \u00e0 entrada da Vila do Aeroporto. O sepultamento ser\u00e1 realizado, nesta quarta-feira (11) no cemit\u00e9rio Ecomemorial.<\/p>\n","protected":false},"excerpt":{"rendered":"<p>\u00c9 com bastante pesar, que recebemos a not\u00edcia do falecimento do senhor Iz\u00eddio Salustiano Diniz, 89 anos, conhecido popularmente como&hellip;<\/p>\n","protected":false},"author":1,"featured_media":91709,"comment_status":"closed","ping_status":"open","sticky":false,"template":"","format":"standard","meta":{"footnotes":""},"categories":[14120],"tags":[2,19532,3406,26491],"class_list":["post-91706","post","type-post","status-publish","format-standard","has-post-thumbnail","hentry","category-noticias","tag-blog-do-edvaldo-magalhaes","tag-blog-mais-acessado-e-visualizado-de-caruaru-e-regiao","tag-caruaru","tag-morre-no-recife-aos-89-anos-dr-raiz"],"_links":{"self":[{"href":"https:\/\/blogdoedvaldomagalhaes.com.br\/index.php\/wp-json\/wp\/v2\/posts\/91706","targetHints":{"allow":["GET"]}}],"collection":[{"href":"https:\/\/blogdoedvaldomagalhaes.com.br\/index.php\/wp-json\/wp\/v2\/posts"}],"about":[{"href":"https:\/\/blogdoedvaldomagalhaes.com.br\/index.php\/wp-json\/wp\/v2\/types\/post"}],"author":[{"embeddable":true,"href":"https:\/\/blogdoedvaldomagalhaes.com.br\/index.php\/wp-json\/wp\/v2\/users\/1"}],"replies":[{"embeddable":true,"href":"https:\/\/blogdoedvaldomagalhaes.com.br\/index.php\/wp-json\/wp\/v2\/comments?post=91706"}],"version-history":[{"count":2,"href":"https:\/\/blogdoedvaldomagalhaes.com.br\/index.php\/wp-json\/wp\/v2\/posts\/91706\/revisions"}],"predecessor-version":[{"id":91711,"href":"https:\/\/blogdoedvaldomagalhaes.com.br\/index.php\/wp-json\/wp\/v2\/posts\/91706\/revisions\/91711"}],"wp:featuredmedia":[{"embeddable":true,"href":"https:\/\/blogdoedvaldomagalhaes.com.br\/index.php\/wp-json\/wp\/v2\/media\/91709"}],"wp:attachment":[{"href":"https:\/\/blogdoedvaldomagalhaes.com.br\/index.php\/wp-json\/wp\/v2\/media?parent=91706"}],"wp:term":[{"taxonomy":"category","embeddable":true,"href":"https:\/\/blogdoedvaldomagalhaes.com.br\/index.php\/wp-json\/wp\/v2\/categories?post=91706"},{"taxonomy":"post_tag","embeddable":true,"href":"https:\/\/blogdoedvaldomagalhaes.com.br\/index.php\/wp-json\/wp\/v2\/tags?post=91706"}],"curies":[{"name":"wp","href":"https:\/\/api.w.org\/{rel}","templated":true}]}}