{"id":91651,"date":"2023-01-08T18:18:02","date_gmt":"2023-01-08T21:18:02","guid":{"rendered":"https:\/\/blogdoedvaldomagalhaes.com.br\/?p=91651"},"modified":"2023-01-08T20:25:10","modified_gmt":"2023-01-08T23:25:10","slug":"urgente-lula-decreta-intervencao-federal-na-seguranca-do-df","status":"publish","type":"post","link":"https:\/\/blogdoedvaldomagalhaes.com.br\/index.php\/2023\/01\/08\/urgente-lula-decreta-intervencao-federal-na-seguranca-do-df\/","title":{"rendered":"URGENTE: Lula decreta interven\u00e7\u00e3o federal na seguran\u00e7a do DF"},"content":{"rendered":"<p style=\"text-align: justify;\"><span style=\"font-size: revert;\">O presidente Lula acaba de decretar interven\u00e7\u00e3o federal no distrito federal e o interventor ser\u00e1 Ricardo Garcia Capeli, tirando o poder do governador Ibaneis Rocha.<\/span><\/p>\n<p style=\"text-align: justify;\">Lula decreta interven\u00e7\u00e3o federal em Bras\u00edlia depois de falha de seguran\u00e7a grupo de manifestantes invadiu e depredou os pr\u00e9dios do Planalto, do Supremo Tribunal Federal e do Congresso.<\/p>\n<p style=\"text-align: justify;\">O presidente Luiz In\u00e1cio Lula da Silva (PT) anunciou interven\u00e7\u00e3o federal na \u00e1rea de seguran\u00e7a p\u00fablica em Bras\u00edlia depois de manifestantes que reivindicam que as elei\u00e7\u00f5es sejam audit\u00e1veis invadirem e depredarem os pr\u00e9dios do Pal\u00e1cio do Planalto, o Supremo Tribunal Federal e do Congresso.<\/p>\n<p><b>Nota da Procuradoria-Geral da Rep\u00fablica<\/b><\/p>\n<p style=\"text-align: justify;\">\u201cO procurador-geral da Rep\u00fablica, Augusto Aras, monitora e acompanha com preocupa\u00e7\u00e3o os atos de vandalismo a edif\u00edcios p\u00fablicos que ocorrem em Bras\u00edlia neste domingo (8).<\/p>\n<p style=\"text-align: justify;\">Aras mant\u00e9m contato permanente com as autoridades e tem adotado as iniciativas que competem \u00e0 institui\u00e7\u00e3o para impedir a sequ\u00eancia de atos de viol\u00eancia.<\/p>\n<p style=\"text-align: justify;\">Entre as provid\u00eancias tomadas no dia de hoje, o procurador-geral requisitou \u00e0 Procuradoria da Rep\u00fablica no Distrito Federal (PRDF) a imediata abertura de procedimento investigat\u00f3rio criminal visando a responsabiliza\u00e7\u00e3o dos envolvidos e colocou a Secret\u00e1ria de Per\u00edcia, Pesquisa e An\u00e1lise (Sppea) da PGR \u00e0 disposi\u00e7\u00e3o do \u00f3rg\u00e3o a fim de preservar grava\u00e7\u00f5es e postagens que possam levar \u00e0 identifica\u00e7\u00e3o dos infratores.<\/p>\n<p style=\"text-align: justify;\">Al\u00e9m disso, Augusto Aras manteve contato com o procurador-geral de Justi\u00e7a do Distrito Federal e dos Territ\u00f3rios, Georges Seigneur, para que atue no controle externo da atividade policial no DF.\u201d<\/p>\n","protected":false},"excerpt":{"rendered":"<p>O presidente Lula acaba de decretar interven\u00e7\u00e3o federal no distrito federal e o interventor ser\u00e1 Ricardo Garcia Capeli, tirando o&hellip;<\/p>\n","protected":false},"author":1,"featured_media":91652,"comment_status":"closed","ping_status":"open","sticky":false,"template":"","format":"standard","meta":{"footnotes":""},"categories":[14120],"tags":[2,19532,3406,26476],"class_list":["post-91651","post","type-post","status-publish","format-standard","has-post-thumbnail","hentry","category-noticias","tag-blog-do-edvaldo-magalhaes","tag-blog-mais-acessado-e-visualizado-de-caruaru-e-regiao","tag-caruaru","tag-urgente-lula-decreta-intervencao-federal-na-seguranca-do-df"],"_links":{"self":[{"href":"https:\/\/blogdoedvaldomagalhaes.com.br\/index.php\/wp-json\/wp\/v2\/posts\/91651","targetHints":{"allow":["GET"]}}],"collection":[{"href":"https:\/\/blogdoedvaldomagalhaes.com.br\/index.php\/wp-json\/wp\/v2\/posts"}],"about":[{"href":"https:\/\/blogdoedvaldomagalhaes.com.br\/index.php\/wp-json\/wp\/v2\/types\/post"}],"author":[{"embeddable":true,"href":"https:\/\/blogdoedvaldomagalhaes.com.br\/index.php\/wp-json\/wp\/v2\/users\/1"}],"replies":[{"embeddable":true,"href":"https:\/\/blogdoedvaldomagalhaes.com.br\/index.php\/wp-json\/wp\/v2\/comments?post=91651"}],"version-history":[{"count":2,"href":"https:\/\/blogdoedvaldomagalhaes.com.br\/index.php\/wp-json\/wp\/v2\/posts\/91651\/revisions"}],"predecessor-version":[{"id":91658,"href":"https:\/\/blogdoedvaldomagalhaes.com.br\/index.php\/wp-json\/wp\/v2\/posts\/91651\/revisions\/91658"}],"wp:featuredmedia":[{"embeddable":true,"href":"https:\/\/blogdoedvaldomagalhaes.com.br\/index.php\/wp-json\/wp\/v2\/media\/91652"}],"wp:attachment":[{"href":"https:\/\/blogdoedvaldomagalhaes.com.br\/index.php\/wp-json\/wp\/v2\/media?parent=91651"}],"wp:term":[{"taxonomy":"category","embeddable":true,"href":"https:\/\/blogdoedvaldomagalhaes.com.br\/index.php\/wp-json\/wp\/v2\/categories?post=91651"},{"taxonomy":"post_tag","embeddable":true,"href":"https:\/\/blogdoedvaldomagalhaes.com.br\/index.php\/wp-json\/wp\/v2\/tags?post=91651"}],"curies":[{"name":"wp","href":"https:\/\/api.w.org\/{rel}","templated":true}]}}