{"id":91572,"date":"2023-01-05T19:43:04","date_gmt":"2023-01-05T22:43:04","guid":{"rendered":"https:\/\/blogdoedvaldomagalhaes.com.br\/?p=91572"},"modified":"2023-01-05T19:43:04","modified_gmt":"2023-01-05T22:43:04","slug":"caruaru-inicia-aplicacao-de-dose-de-reforco-para-as-criancas-de-5-a-11-anos","status":"publish","type":"post","link":"https:\/\/blogdoedvaldomagalhaes.com.br\/index.php\/2023\/01\/05\/caruaru-inicia-aplicacao-de-dose-de-reforco-para-as-criancas-de-5-a-11-anos\/","title":{"rendered":"Caruaru inicia aplica\u00e7\u00e3o de dose de refor\u00e7o para as crian\u00e7as de 5 a 11 anos"},"content":{"rendered":"<p style=\"text-align: justify;\"><span style=\"font-size: revert;\">Os pais, m\u00e3es e cuidadores de crian\u00e7as de 5 a 11 anos poder\u00e3o, a partir desta sexta-feira (6), realizar a amplia\u00e7\u00e3o da 3\u00aa dose da vacina contra a Covid-19 nas crian\u00e7as desse grupo. Antes, o esquema vacinal prim\u00e1rio dessa faixa et\u00e1ria previa apenas a aplica\u00e7\u00e3o da 1\u00b0e 2\u00b0 dose. Com a mudan\u00e7a, agora, as crian\u00e7as receber\u00e3o tamb\u00e9m a dose de refor\u00e7o, chamada de 3\u00aa dose.<\/span><\/p>\n<p style=\"text-align: justify;\">A mudan\u00e7a foi comunicada aos munic\u00edpios pernambucanos na manh\u00e3 desta quinta-feira (5), por meio da Secretaria Estadual de Sa\u00fade de Pernambuco &#8211; SES\/PE via Nota T\u00e9cnica do Minist\u00e9rio da Sa\u00fade (n\u00b0 406\/2022). De acordo com a NT Ministerial, a dose de refor\u00e7o dever\u00e1 ser realizada com o imunizante do fabricante Pfizer\/BioNTech, respeitando o intervalo de quatro meses entre a segunda dose e a dose de refor\u00e7o.<\/p>\n<p style=\"text-align: justify;\">A nota t\u00e9cnica justifica ainda a necessidade da aplica\u00e7\u00e3o da dose de refor\u00e7o devido \u00e0 redu\u00e7\u00e3o da resposta imune \u00e0s vacinas e a circula\u00e7\u00e3o de novas variantes em um cen\u00e1rio onde ainda n\u00e3o foram atingidas as coberturas vacinais esperadas para o p\u00fablico infantil.<\/p>\n<p style=\"text-align: justify;\">Quanto a seguran\u00e7a do imunizante, o fabricante garante que a vacina \u00e9 segura para a faixa et\u00e1ria e alerta que nenhum evento adverso grave foi relatado.<\/p>\n<p style=\"text-align: justify;\">A vacina est\u00e1 dispon\u00edvel para a popula\u00e7\u00e3o na Via Parque, de segunda a sexta-feira, das 8h \u00e0s 16h e das 17h \u00e0s 19h30. Aos s\u00e1bados, o hor\u00e1rio \u00e9 das 8h \u00e0s 13h. Os pais ou respons\u00e1veis dever\u00e3o levar a crian\u00e7a junto com a caderneta de vacina\u00e7\u00e3o e o cart\u00e3o SUS ou CPF. Foto: Divulga\u00e7\u00e3o\/PMC.<\/p>\n<p style=\"text-align: justify;\">Siga o Instagram do Blog @blogdoedvaldomagalhaes<\/p>\n","protected":false},"excerpt":{"rendered":"<p>Os pais, m\u00e3es e cuidadores de crian\u00e7as de 5 a 11 anos poder\u00e3o, a partir desta sexta-feira (6), realizar a&hellip;<\/p>\n","protected":false},"author":1,"featured_media":91573,"comment_status":"closed","ping_status":"open","sticky":false,"template":"","format":"standard","meta":{"footnotes":""},"categories":[14120],"tags":[2,19532,3406,26441],"class_list":["post-91572","post","type-post","status-publish","format-standard","has-post-thumbnail","hentry","category-noticias","tag-blog-do-edvaldo-magalhaes","tag-blog-mais-acessado-e-visualizado-de-caruaru-e-regiao","tag-caruaru","tag-caruaru-inicia-aplicacao-de-dose-de-reforco-para-as-criancas-de-5-a-11-anos"],"_links":{"self":[{"href":"https:\/\/blogdoedvaldomagalhaes.com.br\/index.php\/wp-json\/wp\/v2\/posts\/91572","targetHints":{"allow":["GET"]}}],"collection":[{"href":"https:\/\/blogdoedvaldomagalhaes.com.br\/index.php\/wp-json\/wp\/v2\/posts"}],"about":[{"href":"https:\/\/blogdoedvaldomagalhaes.com.br\/index.php\/wp-json\/wp\/v2\/types\/post"}],"author":[{"embeddable":true,"href":"https:\/\/blogdoedvaldomagalhaes.com.br\/index.php\/wp-json\/wp\/v2\/users\/1"}],"replies":[{"embeddable":true,"href":"https:\/\/blogdoedvaldomagalhaes.com.br\/index.php\/wp-json\/wp\/v2\/comments?post=91572"}],"version-history":[{"count":1,"href":"https:\/\/blogdoedvaldomagalhaes.com.br\/index.php\/wp-json\/wp\/v2\/posts\/91572\/revisions"}],"predecessor-version":[{"id":91574,"href":"https:\/\/blogdoedvaldomagalhaes.com.br\/index.php\/wp-json\/wp\/v2\/posts\/91572\/revisions\/91574"}],"wp:featuredmedia":[{"embeddable":true,"href":"https:\/\/blogdoedvaldomagalhaes.com.br\/index.php\/wp-json\/wp\/v2\/media\/91573"}],"wp:attachment":[{"href":"https:\/\/blogdoedvaldomagalhaes.com.br\/index.php\/wp-json\/wp\/v2\/media?parent=91572"}],"wp:term":[{"taxonomy":"category","embeddable":true,"href":"https:\/\/blogdoedvaldomagalhaes.com.br\/index.php\/wp-json\/wp\/v2\/categories?post=91572"},{"taxonomy":"post_tag","embeddable":true,"href":"https:\/\/blogdoedvaldomagalhaes.com.br\/index.php\/wp-json\/wp\/v2\/tags?post=91572"}],"curies":[{"name":"wp","href":"https:\/\/api.w.org\/{rel}","templated":true}]}}