{"id":91398,"date":"2022-12-30T19:10:49","date_gmt":"2022-12-30T22:10:49","guid":{"rendered":"https:\/\/blogdoedvaldomagalhaes.com.br\/?p=91398"},"modified":"2022-12-30T19:10:49","modified_gmt":"2022-12-30T22:10:49","slug":"tradicional-queima-de-fogos-e-espetaculo-de-luzes-em-caruaru-neste-sabado-31","status":"publish","type":"post","link":"https:\/\/blogdoedvaldomagalhaes.com.br\/index.php\/2022\/12\/30\/tradicional-queima-de-fogos-e-espetaculo-de-luzes-em-caruaru-neste-sabado-31\/","title":{"rendered":"Tradicional queima de fogos e espet\u00e1culo de luzes em Caruaru neste s\u00e1bado (31)"},"content":{"rendered":"<p style=\"text-align: justify;\"><span style=\"font-size: revert;\">A Funda\u00e7\u00e3o de Cultura, realiza neste s\u00e1bado (31), \u00e0s 00h, no Monte Bom Jesus, a tradicional queima de fogos, em comemora\u00e7\u00e3o ao R\u00e9veillon.<\/span><\/p>\n<p style=\"text-align: justify;\">A queima faz parte do calend\u00e1rio oficial da cidade e encerra as festividades do ano de 2022.<\/p>\n<p style=\"text-align: justify;\">O p\u00fablico que desejar poder\u00e1 subir ao Monte para assistir de perto o espet\u00e1culo de luzes do ponto mais alto da cidade.<\/p>\n<p style=\"text-align: justify;\">Siga o Instagram do Blog @blogdoedvaldomagalhaes<\/p>\n","protected":false},"excerpt":{"rendered":"<p>A Funda\u00e7\u00e3o de Cultura, realiza neste s\u00e1bado (31), \u00e0s 00h, no Monte Bom Jesus, a tradicional queima de fogos, em&hellip;<\/p>\n","protected":false},"author":1,"featured_media":91399,"comment_status":"closed","ping_status":"open","sticky":false,"template":"","format":"standard","meta":{"footnotes":""},"categories":[14120],"tags":[7120,2,19532,3406,26404],"class_list":["post-91398","post","type-post","status-publish","format-standard","has-post-thumbnail","hentry","category-noticias","tag-blog","tag-blog-do-edvaldo-magalhaes","tag-blog-mais-acessado-e-visualizado-de-caruaru-e-regiao","tag-caruaru","tag-tradicional-queima-de-fogos-e-espetaculo-de-luzes-em-caruaru-neste-sabado-31"],"_links":{"self":[{"href":"https:\/\/blogdoedvaldomagalhaes.com.br\/index.php\/wp-json\/wp\/v2\/posts\/91398","targetHints":{"allow":["GET"]}}],"collection":[{"href":"https:\/\/blogdoedvaldomagalhaes.com.br\/index.php\/wp-json\/wp\/v2\/posts"}],"about":[{"href":"https:\/\/blogdoedvaldomagalhaes.com.br\/index.php\/wp-json\/wp\/v2\/types\/post"}],"author":[{"embeddable":true,"href":"https:\/\/blogdoedvaldomagalhaes.com.br\/index.php\/wp-json\/wp\/v2\/users\/1"}],"replies":[{"embeddable":true,"href":"https:\/\/blogdoedvaldomagalhaes.com.br\/index.php\/wp-json\/wp\/v2\/comments?post=91398"}],"version-history":[{"count":1,"href":"https:\/\/blogdoedvaldomagalhaes.com.br\/index.php\/wp-json\/wp\/v2\/posts\/91398\/revisions"}],"predecessor-version":[{"id":91400,"href":"https:\/\/blogdoedvaldomagalhaes.com.br\/index.php\/wp-json\/wp\/v2\/posts\/91398\/revisions\/91400"}],"wp:featuredmedia":[{"embeddable":true,"href":"https:\/\/blogdoedvaldomagalhaes.com.br\/index.php\/wp-json\/wp\/v2\/media\/91399"}],"wp:attachment":[{"href":"https:\/\/blogdoedvaldomagalhaes.com.br\/index.php\/wp-json\/wp\/v2\/media?parent=91398"}],"wp:term":[{"taxonomy":"category","embeddable":true,"href":"https:\/\/blogdoedvaldomagalhaes.com.br\/index.php\/wp-json\/wp\/v2\/categories?post=91398"},{"taxonomy":"post_tag","embeddable":true,"href":"https:\/\/blogdoedvaldomagalhaes.com.br\/index.php\/wp-json\/wp\/v2\/tags?post=91398"}],"curies":[{"name":"wp","href":"https:\/\/api.w.org\/{rel}","templated":true}]}}