{"id":9138,"date":"2016-07-02T15:11:00","date_gmt":"2016-07-02T18:11:00","guid":{"rendered":"http:\/\/blogdoedvaldomagalhaes.com.br\/index.php\/2016\/07\/02\/mosntro-que-matou-crianca-de-quatro\/"},"modified":"2019-02-09T00:46:05","modified_gmt":"2019-02-09T02:46:05","slug":"mosntro-que-matou-crianca-de-quatro","status":"publish","type":"post","link":"https:\/\/blogdoedvaldomagalhaes.com.br\/index.php\/2016\/07\/02\/mosntro-que-matou-crianca-de-quatro\/","title":{"rendered":"Monstro que matou crian\u00e7a de quatro anos foi capturado pela Pol\u00edcia"},"content":{"rendered":"<div class=\"separator\" style=\"clear: both; text-align: center;\">\n<a href=\"https:\/\/2.bp.blogspot.com\/-k1XrIJIo67k\/V3fYk2VTu6I\/AAAAAAAABbU\/8420_fDIj6Ezlb9BiTXaR9ATa28gn1YwwCLcB\/s1600\/ney%2Blima.jpg\" imageanchor=\"1\" style=\"margin-left: 1em; margin-right: 1em;\"><img loading=\"lazy\" decoding=\"async\" border=\"0\" height=\"221\" src=\"http:\/\/blogdoedvaldomagalhaes.com.br\/wp-content\/uploads\/2016\/07\/neylima.jpg\" width=\"400\" \/><\/a><\/div>\n<div>\n<div style=\"text-align: center;\">\nFoto: Ney Lima<\/div>\n<\/div>\n<div style=\"text-align: center;\">\n<\/div>\n<div style=\"text-align: justify;\">\nA Pol\u00edcia Civil capturou na manh\u00e3 deste s\u00e1bado (02),&nbsp;<strong style=\"background-color: white; box-sizing: border-box; color: #222222; font-size: 15px; line-height: 26px;\">Jos\u00e9 Ant\u00f4nio dos Santos Irm\u00e3o<\/strong>, vulgo \u201cDeda\u201d de 51 anos, no Assentamento localizado no S\u00edtio Barreira, na zona rural de Taquaritinga do Norte. Ele \u00e9 acusado de assassinar com uma facada no pesco\u00e7o, a garotinha Ashley Yasmin, de 4 anos de idade. A acusado estava foragido desde a manh\u00e3 do \u00faltimo domingo (26), quando al\u00e9m de matar a crian\u00e7a ainda esfaqueou a ex-esposa Maria do Carmo Gomes Ferreira, de 51 anos, e o pai dela, o idoso Jos\u00e9 Gomes Ferreira Neto, de 80 anos de idade, esse \u00faltimo ainda se encontra internado no Hospital da Restaura\u00e7\u00e3o (RH) no Recife.<\/div>\n<div>\n<div class=\"separator\" style=\"clear: both; text-align: center;\">\n<a href=\"https:\/\/3.bp.blogspot.com\/-Z5EJQnjjXbU\/V3fYpo8xpCI\/AAAAAAAABbY\/7tSBUisWtSIn0Pk7HsC1ge8KNuo6qA4IgCLcB\/s1600\/ney%2Blima%2B1.jpg\" imageanchor=\"1\" style=\"margin-left: 1em; margin-right: 1em;\"><img loading=\"lazy\" decoding=\"async\" border=\"0\" height=\"317\" src=\"http:\/\/blogdoedvaldomagalhaes.com.br\/wp-content\/uploads\/2016\/07\/neylima1.jpg\" width=\"400\" \/><\/a><\/div>\n<div>\n<div>\n<div style=\"text-align: center;\">\nFoto: Ney Lima<\/div>\n<\/div>\n<\/div>\n<\/div>\n","protected":false},"excerpt":{"rendered":"<p>Foto: Ney Lima A Pol\u00edcia Civil capturou na manh\u00e3 deste s\u00e1bado (02),&nbsp;Jos\u00e9 Ant\u00f4nio dos Santos Irm\u00e3o, vulgo \u201cDeda\u201d de 51&hellip;<\/p>\n","protected":false},"author":1,"featured_media":0,"comment_status":"open","ping_status":"open","sticky":false,"template":"","format":"standard","meta":{"footnotes":""},"categories":[1],"tags":[13822,3982,13823,13824,13825,1950,3119,3983,4672],"class_list":["post-9138","post","type-post","status-publish","format-standard","hentry","category-sem-categoria","tag-ashley-yasmin","tag-hospital-da-restauracao","tag-jose-antonio-dos-santos-irmao","tag-jose-gomes-ferreira-neto","tag-maria-do-carmo-gomes-ferreira","tag-noticias-de-caruaru","tag-policia-civil","tag-recife","tag-taquaritinga-do-norte"],"_links":{"self":[{"href":"https:\/\/blogdoedvaldomagalhaes.com.br\/index.php\/wp-json\/wp\/v2\/posts\/9138","targetHints":{"allow":["GET"]}}],"collection":[{"href":"https:\/\/blogdoedvaldomagalhaes.com.br\/index.php\/wp-json\/wp\/v2\/posts"}],"about":[{"href":"https:\/\/blogdoedvaldomagalhaes.com.br\/index.php\/wp-json\/wp\/v2\/types\/post"}],"author":[{"embeddable":true,"href":"https:\/\/blogdoedvaldomagalhaes.com.br\/index.php\/wp-json\/wp\/v2\/users\/1"}],"replies":[{"embeddable":true,"href":"https:\/\/blogdoedvaldomagalhaes.com.br\/index.php\/wp-json\/wp\/v2\/comments?post=9138"}],"version-history":[{"count":1,"href":"https:\/\/blogdoedvaldomagalhaes.com.br\/index.php\/wp-json\/wp\/v2\/posts\/9138\/revisions"}],"predecessor-version":[{"id":9886,"href":"https:\/\/blogdoedvaldomagalhaes.com.br\/index.php\/wp-json\/wp\/v2\/posts\/9138\/revisions\/9886"}],"wp:attachment":[{"href":"https:\/\/blogdoedvaldomagalhaes.com.br\/index.php\/wp-json\/wp\/v2\/media?parent=9138"}],"wp:term":[{"taxonomy":"category","embeddable":true,"href":"https:\/\/blogdoedvaldomagalhaes.com.br\/index.php\/wp-json\/wp\/v2\/categories?post=9138"},{"taxonomy":"post_tag","embeddable":true,"href":"https:\/\/blogdoedvaldomagalhaes.com.br\/index.php\/wp-json\/wp\/v2\/tags?post=9138"}],"curies":[{"name":"wp","href":"https:\/\/api.w.org\/{rel}","templated":true}]}}