{"id":91377,"date":"2022-12-30T16:32:20","date_gmt":"2022-12-30T19:32:20","guid":{"rendered":"https:\/\/blogdoedvaldomagalhaes.com.br\/?p=91377"},"modified":"2022-12-30T16:59:27","modified_gmt":"2022-12-30T19:59:27","slug":"raquel-lyra-divulga-nova-relacao-de-nomes-do-seu-secretariado","status":"publish","type":"post","link":"https:\/\/blogdoedvaldomagalhaes.com.br\/index.php\/2022\/12\/30\/raquel-lyra-divulga-nova-relacao-de-nomes-do-seu-secretariado\/","title":{"rendered":"Raquel Lyra divulga nova rela\u00e7\u00e3o de nomes do seu secretariado"},"content":{"rendered":"<p style=\"text-align: justify;\"><span style=\"font-size: revert;\">Foi divulgada, na tarde desta sexta-feira (30), mais uma nova rela\u00e7\u00e3o de nomes do secretariado do Governo Raquel Lyra. Integram esta lista os titulares das secretarias de Sa\u00fade, Educa\u00e7\u00e3o e Esportes; Desenvolvimento Social, Crian\u00e7a, Juventude e Preven\u00e7\u00e3o \u00e0s Drogas; Meio Ambiente, Sustentabilidade e Fernando de Noronha; Recursos H\u00eddricos e Saneamento, e Mobilidade e Infraestrutura, bem como da Chefia de Gabinete.<\/span><\/p>\n<p style=\"text-align: justify;\">Confira os nomes a seguir:<\/p>\n<p style=\"text-align: justify;\">Sa\u00fade: Zilda do Rego Cavalcanti<\/p>\n<p style=\"text-align: justify;\">\u00c9 formada em medicina pela UPE, desde 1990, e fez resid\u00eancia m\u00e9dica na Cl\u00ednica M\u00e9dica no Hospital Ana Nery em Salvador, Bahia. No mesmo estado, foi diretora do Hospital Cl\u00e9riston Andrade, em Feira de Santana. \u00c9 m\u00e9dica geriatra com \u00e1rea de atua\u00e7\u00e3o em medicina paliativa e mestra em medicina interna pela UFPE.<\/p>\n<p style=\"text-align: justify;\">Foi coordenadora da Central de Transplantes de Pernambuco e, hoje, coordena a resid\u00eancia de medicina paliativa do Imip, no Recife. Atualmente tamb\u00e9m \u00e9 conselheira e secret\u00e1ria-geral do Cremepe e tutora de Medicina da Faculdade Pernambucana de Sa\u00fade (FPS).<\/p>\n<p style=\"text-align: justify;\">Educa\u00e7\u00e3o e Esportes: Ivaneide Dantas<\/p>\n<p style=\"text-align: justify;\">Doutora em Administra\u00e7\u00e3o pela Universidad Nacional de Misiones na Argentina, com mestrado e especializa\u00e7\u00e3o em Administra\u00e7\u00e3o P\u00fablica pela Funda\u00e7\u00e3o Get\u00falio Vargas, e em Administra\u00e7\u00e3o e Planejamento de Recursos Humanos pela Unicap. \u00c9 bacharela em Psicologia pela Universidade Cat\u00f3lica de Pernambuco e em licenciatura plena em Ci\u00eancias Biol\u00f3gicas pela Funda\u00e7\u00e3o de Ensino Superior de Olinda (PE).<\/p>\n<p style=\"text-align: justify;\">Secretaria de Desenvolvimento Social, Crian\u00e7a, Juventude e Preven\u00e7\u00e3o \u00e0s Drogas: Carolina Cabral<\/p>\n<p style=\"text-align: justify;\">Carolina Cabral foi Secret\u00e1ria de Planejamento Or\u00e7amento e Gest\u00e3o e tamb\u00e9m Executiva de Desenvolvimento Econ\u00f4mico e Economia Criativa em Caruaru. Graduada em Comunica\u00e7\u00e3o Social, tem especializa\u00e7\u00e3o em Primeira Inf\u00e2ncia pela The London School of Economics and Political Science (LSE) &amp; Bernard Van Leer Foudation e em Administra\u00e7\u00e3o P\u00fablica pela Bloomberg Harvard City Leadership Iniciative.<\/p>\n<p style=\"text-align: justify;\">Secretaria de Meio Ambiente, Sustentabilidade e Fernando de Noronha: Ana Lu\u00edza Ferreira<\/p>\n<p style=\"text-align: justify;\">\u00c9 bacharela em Administra\u00e7\u00e3o de Empresas pela FCAP\/UPE, mestre em Pol\u00edticas P\u00fablicas pela University of Georgia\/Athens, EUA, e doutora em Ci\u00eancia Pol\u00edtica (UFPE). Atua desde 2009 com financiamento para investimentos de longo prazo. \u00c9 certificada pelo Instituto CFA em Investimentos ESG (investimentos que consideram o meio ambiente, o social e a governan\u00e7a). Iniciou sua carreira profissional no Banco Interamericano de Desenvolvimento em Washington, DC, em 2008. Coordenou a implanta\u00e7\u00e3o do primeiro escrit\u00f3rio da Endeavor no Nordeste do Brasil e teve passagens pelo Citibank e Amcham.<\/p>\n<p style=\"text-align: justify;\">Recursos H\u00eddricos e Saneamento: Jos\u00e9 Almir Cirilo<\/p>\n<p style=\"text-align: justify;\">\u00c9 graduado em Engenharia Civil pela Universidade Federal de Pernambuco (UFPE) desde 1977, com mestrado em Engenharia Civil pela Universidade Federal do Rio de Janeiro e doutorado em Engenharia Civil pela mesma institui\u00e7\u00e3o. Atualmente \u00e9 professor titular da UFPE, Campus Acad\u00eamico do Agreste.<\/p>\n<p style=\"text-align: justify;\">Exerceu diversas fun\u00e7\u00f5es de gest\u00e3o nas \u00e1reas de recursos h\u00eddricos, meio ambiente e ci\u00eancia e tecnologia. Entre elas, secret\u00e1rio de Recursos H\u00eddricos e Energ\u00e9ticos e secret\u00e1rio-adjunto de Ci\u00eancia, Tecnologia e Meio Ambiente de Pernambuco. Participou da diretoria do Comit\u00ea da Bacia do Rio S\u00e3o Francisco e foi presidente da Associa\u00e7\u00e3o Brasileira de Recursos H\u00eddricos. \u00c9 membro das Academias de Engenharia e de Ci\u00eancias de Pernambuco.<\/p>\n<p style=\"text-align: justify;\">Mobilidade e Infraestrutura: Evandro Avelar<\/p>\n<p style=\"text-align: justify;\">Formado em Engenharia Civil, Evandro Avelar acumula diversas experi\u00eancias como gestor p\u00fablico. Foi secret\u00e1rio estadual das Cidades, de Micro e Pequena Empresa, Trabalho e Qualifica\u00e7\u00e3o, e presidente do Porto de Suape. Tamb\u00e9m foi diretor-presidente da Empresa Metropolitana de Transportes Urbanos (EMTU) e atuou como secret\u00e1rio municipal em diversos munic\u00edpios pernambucanos.<\/p>\n<p style=\"text-align: justify;\">Chefia de Gabinete: Eduardo Vieira<\/p>\n<p style=\"text-align: justify;\">\u00c9 formado em administra\u00e7\u00e3o de empresas e atuou como Chefe de Gabinete durante a primeira gest\u00e3o da prefeita Raquel Lyra, sendo secret\u00e1rio de Governo na segunda gest\u00e3o. Tamb\u00e9m trabalhou como Assessor Especial na Prefeitura de Caruaru.<\/p>\n<p style=\"text-align: justify;\">Siga o Instagram do Blog @blogdoedvaldomagalhaes<\/p>\n","protected":false},"excerpt":{"rendered":"<p>Foi divulgada, na tarde desta sexta-feira (30), mais uma nova rela\u00e7\u00e3o de nomes do secretariado do Governo Raquel Lyra. Integram&hellip;<\/p>\n","protected":false},"author":1,"featured_media":91378,"comment_status":"closed","ping_status":"open","sticky":false,"template":"","format":"standard","meta":{"footnotes":""},"categories":[14122],"tags":[7120,2,19532,3406,20295,26402],"class_list":["post-91377","post","type-post","status-publish","format-standard","has-post-thumbnail","hentry","category-politica","tag-blog","tag-blog-do-edvaldo-magalhaes","tag-blog-mais-acessado-e-visualizado-de-caruaru-e-regiao","tag-caruaru","tag-politica-2","tag-raquel-lyra-divulga-nova-relacao-de-nomes-do-seu-secretariado"],"_links":{"self":[{"href":"https:\/\/blogdoedvaldomagalhaes.com.br\/index.php\/wp-json\/wp\/v2\/posts\/91377","targetHints":{"allow":["GET"]}}],"collection":[{"href":"https:\/\/blogdoedvaldomagalhaes.com.br\/index.php\/wp-json\/wp\/v2\/posts"}],"about":[{"href":"https:\/\/blogdoedvaldomagalhaes.com.br\/index.php\/wp-json\/wp\/v2\/types\/post"}],"author":[{"embeddable":true,"href":"https:\/\/blogdoedvaldomagalhaes.com.br\/index.php\/wp-json\/wp\/v2\/users\/1"}],"replies":[{"embeddable":true,"href":"https:\/\/blogdoedvaldomagalhaes.com.br\/index.php\/wp-json\/wp\/v2\/comments?post=91377"}],"version-history":[{"count":2,"href":"https:\/\/blogdoedvaldomagalhaes.com.br\/index.php\/wp-json\/wp\/v2\/posts\/91377\/revisions"}],"predecessor-version":[{"id":91383,"href":"https:\/\/blogdoedvaldomagalhaes.com.br\/index.php\/wp-json\/wp\/v2\/posts\/91377\/revisions\/91383"}],"wp:featuredmedia":[{"embeddable":true,"href":"https:\/\/blogdoedvaldomagalhaes.com.br\/index.php\/wp-json\/wp\/v2\/media\/91378"}],"wp:attachment":[{"href":"https:\/\/blogdoedvaldomagalhaes.com.br\/index.php\/wp-json\/wp\/v2\/media?parent=91377"}],"wp:term":[{"taxonomy":"category","embeddable":true,"href":"https:\/\/blogdoedvaldomagalhaes.com.br\/index.php\/wp-json\/wp\/v2\/categories?post=91377"},{"taxonomy":"post_tag","embeddable":true,"href":"https:\/\/blogdoedvaldomagalhaes.com.br\/index.php\/wp-json\/wp\/v2\/tags?post=91377"}],"curies":[{"name":"wp","href":"https:\/\/api.w.org\/{rel}","templated":true}]}}