{"id":91373,"date":"2022-12-30T10:42:37","date_gmt":"2022-12-30T13:42:37","guid":{"rendered":"https:\/\/blogdoedvaldomagalhaes.com.br\/?p=91373"},"modified":"2022-12-30T16:58:11","modified_gmt":"2022-12-30T19:58:11","slug":"padre-fica-ferido-apos-colisao-frontal-entre-dois-carros-na-br-104","status":"publish","type":"post","link":"https:\/\/blogdoedvaldomagalhaes.com.br\/index.php\/2022\/12\/30\/padre-fica-ferido-apos-colisao-frontal-entre-dois-carros-na-br-104\/","title":{"rendered":"Padre fica ferido, ap\u00f3s colis\u00e3o frontal entre dois carros na BR 104"},"content":{"rendered":"<p style=\"text-align: justify;\"><span style=\"font-size: revert;\">A PRF foi acionada para atendimento a um sinistro de tr\u00e2nsito na BR-104, km 22, em Taquaritinga do Norte. O sinistro teria acontecido por volta 22h15. No local, vest\u00edgios de uma colis\u00e3o frontal envolvendo um Fiesta e um Uno (seguia sentido Toritama-Taquaritinga).<\/span><\/p>\n<p>Quando a equipe PRF chegou ao local as v\u00edtimas haviam sido socorridas, restando apenas um dos passageiros do Fiesta que estava recebendo atendimento do SAMU e seria levado para o Hospital da Restaura\u00e7\u00e3o devido ao seu estado mais grave dentre os envolvidos. Em cada ve\u00edculo viajavam quatro pessoas.<\/p>\n<p>N\u00e3o foi poss\u00edvel realizar o teste do etil\u00f4metro nos envolvidos, uma vez que estavam j\u00e1 recebendo socorro m\u00e9dico, mas at\u00e9 o momento n\u00e3o h\u00e1 informa\u00e7\u00f5es de que tinham sinais de embriaguez. H\u00e1 informa\u00e7\u00f5es, ainda repassadas aos agentes PRF, de que os ocupantes do Fiesta foram encaminhados para uma unidade de sa\u00fade em Santa Cruz; e os ocupantes do Uno teriam sido encaminhados para uma unidade hospitalar em Toritama. O condutor do Uno posteriormente foi transferido para o Hospital da Unimed em Caruaru. Padre Vagner de Toritama estava em um dos carros e ficou ferido.<\/p>\n<p style=\"text-align: justify;\">Soga o Instagram do Blog @blogdoedvaldomagalhaes<\/p>\n\n\n<figure class=\"wp-block-image size-full\"><img loading=\"lazy\" decoding=\"async\" width=\"1024\" height=\"984\" src=\"https:\/\/blogdoedvaldomagalhaes.com.br\/wp-content\/uploads\/2022\/12\/BC73A21F-CA2C-48B5-AF66-9D5E73076A86.jpeg\" alt=\"\" class=\"wp-image-91375\" srcset=\"https:\/\/blogdoedvaldomagalhaes.com.br\/wp-content\/uploads\/2022\/12\/BC73A21F-CA2C-48B5-AF66-9D5E73076A86.jpeg 1024w, https:\/\/blogdoedvaldomagalhaes.com.br\/wp-content\/uploads\/2022\/12\/BC73A21F-CA2C-48B5-AF66-9D5E73076A86-300x288.jpeg 300w, https:\/\/blogdoedvaldomagalhaes.com.br\/wp-content\/uploads\/2022\/12\/BC73A21F-CA2C-48B5-AF66-9D5E73076A86-768x738.jpeg 768w\" sizes=\"auto, (max-width: 1024px) 100vw, 1024px\" \/><figcaption class=\"wp-element-caption\">Padre Vagner <\/figcaption><\/figure>\n","protected":false},"excerpt":{"rendered":"<p>A PRF foi acionada para atendimento a um sinistro de tr\u00e2nsito na BR-104, km 22, em Taquaritinga do Norte. O&hellip;<\/p>\n","protected":false},"author":1,"featured_media":91374,"comment_status":"closed","ping_status":"open","sticky":false,"template":"","format":"standard","meta":{"footnotes":""},"categories":[14120],"tags":[],"class_list":["post-91373","post","type-post","status-publish","format-standard","has-post-thumbnail","hentry","category-noticias"],"_links":{"self":[{"href":"https:\/\/blogdoedvaldomagalhaes.com.br\/index.php\/wp-json\/wp\/v2\/posts\/91373","targetHints":{"allow":["GET"]}}],"collection":[{"href":"https:\/\/blogdoedvaldomagalhaes.com.br\/index.php\/wp-json\/wp\/v2\/posts"}],"about":[{"href":"https:\/\/blogdoedvaldomagalhaes.com.br\/index.php\/wp-json\/wp\/v2\/types\/post"}],"author":[{"embeddable":true,"href":"https:\/\/blogdoedvaldomagalhaes.com.br\/index.php\/wp-json\/wp\/v2\/users\/1"}],"replies":[{"embeddable":true,"href":"https:\/\/blogdoedvaldomagalhaes.com.br\/index.php\/wp-json\/wp\/v2\/comments?post=91373"}],"version-history":[{"count":2,"href":"https:\/\/blogdoedvaldomagalhaes.com.br\/index.php\/wp-json\/wp\/v2\/posts\/91373\/revisions"}],"predecessor-version":[{"id":91381,"href":"https:\/\/blogdoedvaldomagalhaes.com.br\/index.php\/wp-json\/wp\/v2\/posts\/91373\/revisions\/91381"}],"wp:featuredmedia":[{"embeddable":true,"href":"https:\/\/blogdoedvaldomagalhaes.com.br\/index.php\/wp-json\/wp\/v2\/media\/91374"}],"wp:attachment":[{"href":"https:\/\/blogdoedvaldomagalhaes.com.br\/index.php\/wp-json\/wp\/v2\/media?parent=91373"}],"wp:term":[{"taxonomy":"category","embeddable":true,"href":"https:\/\/blogdoedvaldomagalhaes.com.br\/index.php\/wp-json\/wp\/v2\/categories?post=91373"},{"taxonomy":"post_tag","embeddable":true,"href":"https:\/\/blogdoedvaldomagalhaes.com.br\/index.php\/wp-json\/wp\/v2\/tags?post=91373"}],"curies":[{"name":"wp","href":"https:\/\/api.w.org\/{rel}","templated":true}]}}