{"id":91370,"date":"2022-12-30T10:20:39","date_gmt":"2022-12-30T13:20:39","guid":{"rendered":"https:\/\/blogdoedvaldomagalhaes.com.br\/?p=91370"},"modified":"2022-12-30T10:20:39","modified_gmt":"2022-12-30T13:20:39","slug":"caminhao-tomba-na-br-232-em-caruaru","status":"publish","type":"post","link":"https:\/\/blogdoedvaldomagalhaes.com.br\/index.php\/2022\/12\/30\/caminhao-tomba-na-br-232-em-caruaru\/","title":{"rendered":"Caminh\u00e3o tomba na BR 232, em Caruaru"},"content":{"rendered":"<p style=\"text-align: justify;\">A Pol\u00edcia Rodovi\u00e1ria Federal &#8211; PRF, foi acionada para atendimento a um sinistro de tr\u00e2nsito na BR-232, km 130, em Caruaru. O sinistro teria acontecido por volta das 3h40 desta sexta (30). Trata-se de tombamento de um ve\u00edculo de carga (VW\/9.170). Duas pessoas estavam no ve\u00edculo. O motorista teve les\u00f5es leves e o passageiro saiu ileso. Neste momento, a carga esta sendo retirada do ve\u00edculo. Tr\u00e2nsito segue normal no trecho. Foto: Divulga\u00e7\u00e3o\/PRF.<\/p>\n<p style=\"text-align: justify;\">Siga o Instagram do Blog@blogdoedvaldomagalhaes<\/p>\n","protected":false},"excerpt":{"rendered":"<p>A Pol\u00edcia Rodovi\u00e1ria Federal &#8211; PRF, foi acionada para atendimento a um sinistro de tr\u00e2nsito na BR-232, km 130, em&hellip;<\/p>\n","protected":false},"author":1,"featured_media":91371,"comment_status":"closed","ping_status":"open","sticky":false,"template":"","format":"standard","meta":{"footnotes":""},"categories":[14120],"tags":[2,19532,26401,3406],"class_list":["post-91370","post","type-post","status-publish","format-standard","has-post-thumbnail","hentry","category-noticias","tag-blog-do-edvaldo-magalhaes","tag-blog-mais-acessado-e-visualizado-de-caruaru-e-regiao","tag-caminhao-tomba-na-br-232-em-caruaru","tag-caruaru"],"_links":{"self":[{"href":"https:\/\/blogdoedvaldomagalhaes.com.br\/index.php\/wp-json\/wp\/v2\/posts\/91370","targetHints":{"allow":["GET"]}}],"collection":[{"href":"https:\/\/blogdoedvaldomagalhaes.com.br\/index.php\/wp-json\/wp\/v2\/posts"}],"about":[{"href":"https:\/\/blogdoedvaldomagalhaes.com.br\/index.php\/wp-json\/wp\/v2\/types\/post"}],"author":[{"embeddable":true,"href":"https:\/\/blogdoedvaldomagalhaes.com.br\/index.php\/wp-json\/wp\/v2\/users\/1"}],"replies":[{"embeddable":true,"href":"https:\/\/blogdoedvaldomagalhaes.com.br\/index.php\/wp-json\/wp\/v2\/comments?post=91370"}],"version-history":[{"count":1,"href":"https:\/\/blogdoedvaldomagalhaes.com.br\/index.php\/wp-json\/wp\/v2\/posts\/91370\/revisions"}],"predecessor-version":[{"id":91372,"href":"https:\/\/blogdoedvaldomagalhaes.com.br\/index.php\/wp-json\/wp\/v2\/posts\/91370\/revisions\/91372"}],"wp:featuredmedia":[{"embeddable":true,"href":"https:\/\/blogdoedvaldomagalhaes.com.br\/index.php\/wp-json\/wp\/v2\/media\/91371"}],"wp:attachment":[{"href":"https:\/\/blogdoedvaldomagalhaes.com.br\/index.php\/wp-json\/wp\/v2\/media?parent=91370"}],"wp:term":[{"taxonomy":"category","embeddable":true,"href":"https:\/\/blogdoedvaldomagalhaes.com.br\/index.php\/wp-json\/wp\/v2\/categories?post=91370"},{"taxonomy":"post_tag","embeddable":true,"href":"https:\/\/blogdoedvaldomagalhaes.com.br\/index.php\/wp-json\/wp\/v2\/tags?post=91370"}],"curies":[{"name":"wp","href":"https:\/\/api.w.org\/{rel}","templated":true}]}}