{"id":9137,"date":"2016-07-02T15:32:00","date_gmt":"2016-07-02T18:32:00","guid":{"rendered":"http:\/\/blogdoedvaldomagalhaes.com.br\/index.php\/2016\/07\/02\/suspeito-de-atirar-em-jogador-de\/"},"modified":"2019-02-09T00:46:06","modified_gmt":"2019-02-09T02:46:06","slug":"suspeito-de-atirar-em-jogador-de","status":"publish","type":"post","link":"https:\/\/blogdoedvaldomagalhaes.com.br\/index.php\/2016\/07\/02\/suspeito-de-atirar-em-jogador-de\/","title":{"rendered":"Suspeito de atirar em jogador de futebol se entrega a pol\u00edcia. Veja v\u00eddeo do atleta no hospital"},"content":{"rendered":"<div class=\"separator\" style=\"clear: both; text-align: center;\">\n<\/div>\n<div style=\"text-align: justify;\">\nO suspeito de atirar contra o jogador de futebol, Josy Braz, na \u00faltima quarta-feira (29)&nbsp;se entregou \u00e0 pol\u00edcia. A informa\u00e7\u00e3o foi confirmada pela assessoria da Pol\u00edcia Civil na tarde desta sexta-feira (01).<\/p>\n<\/div>\n<div style=\"text-align: justify;\">\nSegundo o que foi confirmado, o suspeito,&nbsp; D. S. M \u00e9 menor e se entregou pela manh\u00e3, na segunda regional de Pol\u00edcia Civil. Ele foi encaminhado \u00e0 Delegacia&nbsp;de Prote\u00e7\u00e3o a Crian\u00e7a e ao Adolescente (DEPCA), e ficou sobre a responsabilidade da Delegada, Elenice Frez com quem&nbsp;prestou&nbsp;depoimento sobre o ocorrido.<\/div>\n<div style=\"text-align: justify;\">\n<\/div>\n<div style=\"text-align: justify;\">\nO jovem \u00e9 suspeito de ter atirado contra o jogador de futebol, Josy Braz, no alojamento&nbsp;do Atleta Dr. Ilson Alves Ribeiro, que fica no CT Adauto Frota, o Frot\u00e3o.&nbsp; Em seu depoimento \u00e0 delegada, o jovem alegou estar sobre efeito de entorpecente e teria se assustado com Josy, quando passou pela janela e efetuou o disparo com uma arma tipo escopeta.<\/div>\n<div style=\"text-align: justify;\">\n<\/div>\n<div style=\"text-align: justify;\">\nJosy foi levado as pressas para o Hospital de Urg\u00eancia e Emerg\u00eancia de Rio Branco, onde passou por cirurgia, correndo risco de ter a perna amputada, mas reagiu bem a cirurgia.<\/div>\n<div style=\"text-align: justify;\">\n<\/div>\n<div style=\"text-align: justify;\">\nNa manh\u00e3 desta sexta-feira (01), ele gravou um v\u00eddeo para dizer que est\u00e1 bem e agradecendo o apoio dos amigos e seguidores.<\/div>\n<div style=\"text-align: justify;\">\n<\/div>\n<p>A delegada deve se pronunciar sobre o depoimento do menor nas pr\u00f3ximas horas.<\/p>\n","protected":false},"excerpt":{"rendered":"<p>O suspeito de atirar contra o jogador de futebol, Josy Braz, na \u00faltima quarta-feira (29)&nbsp;se entregou \u00e0 pol\u00edcia. A informa\u00e7\u00e3o&hellip;<\/p>\n","protected":false},"author":1,"featured_media":0,"comment_status":"open","ping_status":"open","sticky":false,"template":"","format":"standard","meta":{"footnotes":""},"categories":[1],"tags":[2,13819,13820,3,13821,3119],"class_list":["post-9137","post","type-post","status-publish","format-standard","hentry","category-sem-categoria","tag-blog-do-edvaldo-magalhaes","tag-depca","tag-frotao","tag-futebol","tag-josy-braz","tag-policia-civil"],"_links":{"self":[{"href":"https:\/\/blogdoedvaldomagalhaes.com.br\/index.php\/wp-json\/wp\/v2\/posts\/9137","targetHints":{"allow":["GET"]}}],"collection":[{"href":"https:\/\/blogdoedvaldomagalhaes.com.br\/index.php\/wp-json\/wp\/v2\/posts"}],"about":[{"href":"https:\/\/blogdoedvaldomagalhaes.com.br\/index.php\/wp-json\/wp\/v2\/types\/post"}],"author":[{"embeddable":true,"href":"https:\/\/blogdoedvaldomagalhaes.com.br\/index.php\/wp-json\/wp\/v2\/users\/1"}],"replies":[{"embeddable":true,"href":"https:\/\/blogdoedvaldomagalhaes.com.br\/index.php\/wp-json\/wp\/v2\/comments?post=9137"}],"version-history":[{"count":1,"href":"https:\/\/blogdoedvaldomagalhaes.com.br\/index.php\/wp-json\/wp\/v2\/posts\/9137\/revisions"}],"predecessor-version":[{"id":9887,"href":"https:\/\/blogdoedvaldomagalhaes.com.br\/index.php\/wp-json\/wp\/v2\/posts\/9137\/revisions\/9887"}],"wp:attachment":[{"href":"https:\/\/blogdoedvaldomagalhaes.com.br\/index.php\/wp-json\/wp\/v2\/media?parent=9137"}],"wp:term":[{"taxonomy":"category","embeddable":true,"href":"https:\/\/blogdoedvaldomagalhaes.com.br\/index.php\/wp-json\/wp\/v2\/categories?post=9137"},{"taxonomy":"post_tag","embeddable":true,"href":"https:\/\/blogdoedvaldomagalhaes.com.br\/index.php\/wp-json\/wp\/v2\/tags?post=9137"}],"curies":[{"name":"wp","href":"https:\/\/api.w.org\/{rel}","templated":true}]}}