{"id":91362,"date":"2022-12-30T09:28:00","date_gmt":"2022-12-30T12:28:00","guid":{"rendered":"https:\/\/blogdoedvaldomagalhaes.com.br\/?p=91362"},"modified":"2022-12-30T09:41:56","modified_gmt":"2022-12-30T12:41:56","slug":"policia-apreende-arma-de-homem-que-gravou-video-em-caruaru-ameacando-lula","status":"publish","type":"post","link":"https:\/\/blogdoedvaldomagalhaes.com.br\/index.php\/2022\/12\/30\/policia-apreende-arma-de-homem-que-gravou-video-em-caruaru-ameacando-lula\/","title":{"rendered":"Pol\u00edcia apreende arma de homem que gravou v\u00eddeo em Caruaru, amea\u00e7ando Lula"},"content":{"rendered":"<p style=\"text-align: justify;\">Na manh\u00e3 dessa quinta-feira (29.12), a Delegacia da Pol\u00edcia Federal em Caruaru\/PE recebeu, de diversas fontes, not\u00edcia de que circulava nas redes sociais o v\u00eddeo de um homem portando um suposto rifle, equipado com trip\u00e9 e supressor de ru\u00eddos, amea\u00e7ando matar o Presidente eleito durante a cerim\u00f4nia de posse.<\/p>\n<p style=\"text-align: justify;\">Dilig\u00eancias iniciais foram adotadas no sentido de identificar e localizar o autor do v\u00eddeo, que posteriormente compareceu espontaneamente na Pol\u00edcia Federal, apresentando a arma usada durante a filmagem, ocasi\u00e3o em que foi constatado se tratar de uma arma de press\u00e3o por a\u00e7\u00e3o de ar comprimido (popularmente conhecida como espingarda de chumbinho).<\/p>\n<p style=\"text-align: justify;\">Na sede da Delegacia da PF em Caruaru, o investigado alegou que gravou o v\u00eddeo por brincadeira, sem inten\u00e7\u00e3o de public\u00e1-lo, mas que acabou postando de maneira n\u00e3o intencional nos stories do seu Whatsapp, onde permaneceu por aproximadamente 10 minutos. Declarou ainda que n\u00e3o teve a inten\u00e7\u00e3o de amea\u00e7ar o Presidente Lula e que o v\u00eddeo foi feito de forma jocosa, n\u00e3o sendo as amea\u00e7as concretas ou verdadeiras.<\/p>\n<p style=\"text-align: justify;\">Al\u00e9m da arma de press\u00e3o, o investigado tamb\u00e9m apresentou uma pistola calibre 9mm, que possui na condi\u00e7\u00e3o de CAC, devidamente registrada junto ao Ex\u00e9rcito Brasileiro.<\/p>\n<p style=\"text-align: justify;\">As armas foram apreendidas e ser\u00e1 instaurado inqu\u00e9rito policial para apurar os fatos.<\/p>\n<p style=\"text-align: justify;\">O suspeito poder\u00e1 responder pelos delitos de amea\u00e7a e incita\u00e7\u00e3o ao crime.<\/p>\n<p style=\"text-align: justify;\">Siga o Instagram do Blog @blogdoedvadomagalhaes<\/p>\n","protected":false},"excerpt":{"rendered":"<p>Na manh\u00e3 dessa quinta-feira (29.12), a Delegacia da Pol\u00edcia Federal em Caruaru\/PE recebeu, de diversas fontes, not\u00edcia de que circulava&hellip;<\/p>\n","protected":false},"author":1,"featured_media":91363,"comment_status":"closed","ping_status":"open","sticky":false,"template":"","format":"standard","meta":{"footnotes":""},"categories":[14121],"tags":[7120,2,19532,3406,26398],"class_list":["post-91362","post","type-post","status-publish","format-standard","has-post-thumbnail","hentry","category-policial","tag-blog","tag-blog-do-edvaldo-magalhaes","tag-blog-mais-acessado-e-visualizado-de-caruaru-e-regiao","tag-caruaru","tag-policia-apreende-arma-de-homem-que-gravou-video-em-caruaru-ameacando-lula"],"_links":{"self":[{"href":"https:\/\/blogdoedvaldomagalhaes.com.br\/index.php\/wp-json\/wp\/v2\/posts\/91362","targetHints":{"allow":["GET"]}}],"collection":[{"href":"https:\/\/blogdoedvaldomagalhaes.com.br\/index.php\/wp-json\/wp\/v2\/posts"}],"about":[{"href":"https:\/\/blogdoedvaldomagalhaes.com.br\/index.php\/wp-json\/wp\/v2\/types\/post"}],"author":[{"embeddable":true,"href":"https:\/\/blogdoedvaldomagalhaes.com.br\/index.php\/wp-json\/wp\/v2\/users\/1"}],"replies":[{"embeddable":true,"href":"https:\/\/blogdoedvaldomagalhaes.com.br\/index.php\/wp-json\/wp\/v2\/comments?post=91362"}],"version-history":[{"count":4,"href":"https:\/\/blogdoedvaldomagalhaes.com.br\/index.php\/wp-json\/wp\/v2\/posts\/91362\/revisions"}],"predecessor-version":[{"id":91369,"href":"https:\/\/blogdoedvaldomagalhaes.com.br\/index.php\/wp-json\/wp\/v2\/posts\/91362\/revisions\/91369"}],"wp:featuredmedia":[{"embeddable":true,"href":"https:\/\/blogdoedvaldomagalhaes.com.br\/index.php\/wp-json\/wp\/v2\/media\/91363"}],"wp:attachment":[{"href":"https:\/\/blogdoedvaldomagalhaes.com.br\/index.php\/wp-json\/wp\/v2\/media?parent=91362"}],"wp:term":[{"taxonomy":"category","embeddable":true,"href":"https:\/\/blogdoedvaldomagalhaes.com.br\/index.php\/wp-json\/wp\/v2\/categories?post=91362"},{"taxonomy":"post_tag","embeddable":true,"href":"https:\/\/blogdoedvaldomagalhaes.com.br\/index.php\/wp-json\/wp\/v2\/tags?post=91362"}],"curies":[{"name":"wp","href":"https:\/\/api.w.org\/{rel}","templated":true}]}}