{"id":9136,"date":"2016-07-02T16:00:00","date_gmt":"2016-07-02T19:00:00","guid":{"rendered":"http:\/\/blogdoedvaldomagalhaes.com.br\/index.php\/2016\/07\/02\/fulo-de-mandacaru-faz-comunicado\/"},"modified":"2019-02-09T00:46:06","modified_gmt":"2019-02-09T02:46:06","slug":"fulo-de-mandacaru-faz-comunicado","status":"publish","type":"post","link":"https:\/\/blogdoedvaldomagalhaes.com.br\/index.php\/2016\/07\/02\/fulo-de-mandacaru-faz-comunicado\/","title":{"rendered":"Ful\u00f4 de Mandacaru far\u00e1 show gratuito em Caruaru"},"content":{"rendered":"<div class=\"separator\" style=\"clear: both; text-align: center;\">\n<\/div>\n<div style=\"text-align: justify;\">\n<\/div>\n<div style=\"text-align: justify;\">\nA banda Ful\u00f4 de Mandacaru faz um comunicado oficial atrav\u00e9s de v\u00eddeo sobre a quest\u00e3o do show em Caruaru. A apresenta\u00e7\u00e3o na Mans\u00e3o Forr\u00f3 estava marcada a mais de quarenta dias, e a banda est\u00e1 a disposi\u00e7\u00e3o da Funda\u00e7\u00e3o de Cultura e Turismo de Caruaru.<\/div>\n<div style=\"text-align: justify;\">\n<\/div>\n<div style=\"text-align: justify;\">\nHaver\u00e1 um show gratuito da Ful\u00f4 de Mandacaru para a popula\u00e7\u00e3o caruaruense, a data ser\u00e1 marcada. Os integrantes da banda agradecem o grande apoio que receberam, que culminou com o sucesso no programa SuperStar da Globo.<\/div>\n","protected":false},"excerpt":{"rendered":"<p>A banda Ful\u00f4 de Mandacaru faz um comunicado oficial atrav\u00e9s de v\u00eddeo sobre a quest\u00e3o do show em Caruaru. A&hellip;<\/p>\n","protected":false},"author":1,"featured_media":0,"comment_status":"open","ping_status":"open","sticky":false,"template":"","format":"standard","meta":{"footnotes":""},"categories":[1],"tags":[2,12554,1950],"class_list":["post-9136","post","type-post","status-publish","format-standard","hentry","category-sem-categoria","tag-blog-do-edvaldo-magalhaes","tag-fulo-de-mancadaru","tag-noticias-de-caruaru"],"_links":{"self":[{"href":"https:\/\/blogdoedvaldomagalhaes.com.br\/index.php\/wp-json\/wp\/v2\/posts\/9136","targetHints":{"allow":["GET"]}}],"collection":[{"href":"https:\/\/blogdoedvaldomagalhaes.com.br\/index.php\/wp-json\/wp\/v2\/posts"}],"about":[{"href":"https:\/\/blogdoedvaldomagalhaes.com.br\/index.php\/wp-json\/wp\/v2\/types\/post"}],"author":[{"embeddable":true,"href":"https:\/\/blogdoedvaldomagalhaes.com.br\/index.php\/wp-json\/wp\/v2\/users\/1"}],"replies":[{"embeddable":true,"href":"https:\/\/blogdoedvaldomagalhaes.com.br\/index.php\/wp-json\/wp\/v2\/comments?post=9136"}],"version-history":[{"count":1,"href":"https:\/\/blogdoedvaldomagalhaes.com.br\/index.php\/wp-json\/wp\/v2\/posts\/9136\/revisions"}],"predecessor-version":[{"id":9888,"href":"https:\/\/blogdoedvaldomagalhaes.com.br\/index.php\/wp-json\/wp\/v2\/posts\/9136\/revisions\/9888"}],"wp:attachment":[{"href":"https:\/\/blogdoedvaldomagalhaes.com.br\/index.php\/wp-json\/wp\/v2\/media?parent=9136"}],"wp:term":[{"taxonomy":"category","embeddable":true,"href":"https:\/\/blogdoedvaldomagalhaes.com.br\/index.php\/wp-json\/wp\/v2\/categories?post=9136"},{"taxonomy":"post_tag","embeddable":true,"href":"https:\/\/blogdoedvaldomagalhaes.com.br\/index.php\/wp-json\/wp\/v2\/tags?post=9136"}],"curies":[{"name":"wp","href":"https:\/\/api.w.org\/{rel}","templated":true}]}}