{"id":91327,"date":"2022-12-29T16:25:05","date_gmt":"2022-12-29T19:25:05","guid":{"rendered":"https:\/\/blogdoedvaldomagalhaes.com.br\/?p=91327"},"modified":"2022-12-29T17:14:39","modified_gmt":"2022-12-29T20:14:39","slug":"morre-o-rei-do-futebol-mundial-pele","status":"publish","type":"post","link":"https:\/\/blogdoedvaldomagalhaes.com.br\/index.php\/2022\/12\/29\/morre-o-rei-do-futebol-mundial-pele\/","title":{"rendered":"Morre o Rei do Futebol Mundial, Pel\u00e9"},"content":{"rendered":"<p style=\"text-align: justify;\"><span style=\"font-size: revert; color: initial;\">Morreu no in\u00edcio da tarde desta quinta-feira (29), o Rei do Futebol Mundial, Pel\u00e9, aos 82 anos de idade, em decorr\u00eancia de fal\u00eancia de m\u00faltiplos \u00f3rg\u00e3os. Ele estava internado no Hospital Albert Einstein, em S\u00e3o Paulo, para tratamento de um c\u00e2ncer no c\u00f3lon.<\/span><\/p>\n<p style=\"text-align: justify;\">Pel\u00e9 estava internado no Hospital Israelita Albert Einstein, em S\u00e3o Paulo, desde 29 de novembro, quando deu entrada para reavalia\u00e7\u00e3o do tratamento quimiotera\u0301pico de tumor no c\u00f3lon diagnosticado em setembro de 2021. Os novos exames identificaram uma infec\u00e7\u00e3o respirat\u00f3ria no ex-jogador.<\/p>\n<p style=\"text-align: justify;\">Pel\u00e9 \u00e9 considerado um dos maiores atletas da hist\u00f3ria. Foi tricampe\u00e3o mundial com a sele\u00e7\u00e3o brasileira. Ele nasceu em 23 de outubro de 1940 na cidade de Tr\u00eas Cora\u00e7\u00f5es, em Minas Gerais.<\/p>\n<p style=\"text-align: justify;\">Pel\u00e9 deixa 7 filhos: Kelly Cristina, Jennifer, o tamb\u00e9m jogador Edinho, Joshua, Celeste, Sandra Regina Machado e Fl\u00e1via Kurtz.<\/p>\n<p style=\"text-align: justify;\">A fam\u00edlia ainda n\u00e3o divulgou detalhes sobre o vel\u00f3rio, mas uma estrutura foi montada na Vila Belmiro nos \u00faltimos dias para receber a vig\u00edlia. O sepultamento ocorrer\u00e1 em Santos\/SP.<\/p>\n<p style=\"text-align: justify;\">Edson Arantes do Nascimento, conhecido como Pel\u00e9, nasceu na cidade de Tr\u00eas Cora\u00e7\u00f5es, em Minas Gerais, no dia 23 de outubro de 1940. Filho de Jo\u00e3o Ramos do Nascimento (Dondinho), tamb\u00e9m jogador de futebol e de Celeste Arantes.<\/p>\n<p style=\"text-align: justify;\">Desde pequeno Pel\u00e9 gostava de futebol e jogava com uma bola de pano. Em 1944 mudou-se com a fam\u00edlia para a cidade de Bauru em S\u00e3o Paulo.<\/p>\n<p style=\"text-align: justify;\">Com 10 anos, Pel\u00e9 come\u00e7ou a carreira de jogador de futebol no infanto-juvenil do Bauru Atl\u00e9tico Clube, em S\u00e3o Paulo, onde conquistou o bicampeonato em 1954 e 1955. Desde ent\u00e3o, o atleta rompeu fronteiras do esporte e bateu recordes sendo considerado o Rei do Futebol. Foto: Arquivo pessoal\/Pel\u00e9.<\/p>\n<p style=\"text-align: justify;\">.<\/p>\n","protected":false},"excerpt":{"rendered":"<p>Morreu no in\u00edcio da tarde desta quinta-feira (29), o Rei do Futebol Mundial, Pel\u00e9, aos 82 anos de idade, em&hellip;<\/p>\n","protected":false},"author":1,"featured_media":91328,"comment_status":"closed","ping_status":"open","sticky":false,"template":"","format":"standard","meta":{"footnotes":""},"categories":[14120],"tags":[7120,2,19532,3,26395],"class_list":["post-91327","post","type-post","status-publish","format-standard","has-post-thumbnail","hentry","category-noticias","tag-blog","tag-blog-do-edvaldo-magalhaes","tag-blog-mais-acessado-e-visualizado-de-caruaru-e-regiao","tag-futebol","tag-morre-o-rei-do-futebol-mundial-pele"],"_links":{"self":[{"href":"https:\/\/blogdoedvaldomagalhaes.com.br\/index.php\/wp-json\/wp\/v2\/posts\/91327","targetHints":{"allow":["GET"]}}],"collection":[{"href":"https:\/\/blogdoedvaldomagalhaes.com.br\/index.php\/wp-json\/wp\/v2\/posts"}],"about":[{"href":"https:\/\/blogdoedvaldomagalhaes.com.br\/index.php\/wp-json\/wp\/v2\/types\/post"}],"author":[{"embeddable":true,"href":"https:\/\/blogdoedvaldomagalhaes.com.br\/index.php\/wp-json\/wp\/v2\/users\/1"}],"replies":[{"embeddable":true,"href":"https:\/\/blogdoedvaldomagalhaes.com.br\/index.php\/wp-json\/wp\/v2\/comments?post=91327"}],"version-history":[{"count":7,"href":"https:\/\/blogdoedvaldomagalhaes.com.br\/index.php\/wp-json\/wp\/v2\/posts\/91327\/revisions"}],"predecessor-version":[{"id":91340,"href":"https:\/\/blogdoedvaldomagalhaes.com.br\/index.php\/wp-json\/wp\/v2\/posts\/91327\/revisions\/91340"}],"wp:featuredmedia":[{"embeddable":true,"href":"https:\/\/blogdoedvaldomagalhaes.com.br\/index.php\/wp-json\/wp\/v2\/media\/91328"}],"wp:attachment":[{"href":"https:\/\/blogdoedvaldomagalhaes.com.br\/index.php\/wp-json\/wp\/v2\/media?parent=91327"}],"wp:term":[{"taxonomy":"category","embeddable":true,"href":"https:\/\/blogdoedvaldomagalhaes.com.br\/index.php\/wp-json\/wp\/v2\/categories?post=91327"},{"taxonomy":"post_tag","embeddable":true,"href":"https:\/\/blogdoedvaldomagalhaes.com.br\/index.php\/wp-json\/wp\/v2\/tags?post=91327"}],"curies":[{"name":"wp","href":"https:\/\/api.w.org\/{rel}","templated":true}]}}