{"id":91325,"date":"2022-12-29T16:13:35","date_gmt":"2022-12-29T19:13:35","guid":{"rendered":"https:\/\/blogdoedvaldomagalhaes.com.br\/?p=91325"},"modified":"2022-12-29T16:39:01","modified_gmt":"2022-12-29T19:39:01","slug":"saibam-quem-sao-os-primeiros-nomes-do-secretariado-da-governadora-raquel-lyra","status":"publish","type":"post","link":"https:\/\/blogdoedvaldomagalhaes.com.br\/index.php\/2022\/12\/29\/saibam-quem-sao-os-primeiros-nomes-do-secretariado-da-governadora-raquel-lyra\/","title":{"rendered":"Saibam quem s\u00e3o os primeiros nomes do secretariado da governadora Raquel Lyra"},"content":{"rendered":"<p style=\"text-align: justify;\"><span style=\"font-size: revert; color: initial;\">Foram divulgados, na tarde desta quinta-feira (29), os primeiros nomes do secretariado do Governo Raquel Lyra. Integram essa lista os titulares da Secretaria de Defesa Social; Cultura; Turismo e Lazer; Mulher; Desenvolvimento Urbano e Habita\u00e7\u00e3o; Comunica\u00e7\u00e3o, bem como o novo presidente da Empetur e a nova secret\u00e1ria-executiva de Imprensa.<\/span><\/p>\n<p style=\"text-align: justify;\">Confira os nomes a seguir:<\/p>\n<p style=\"text-align: justify;\"><strong>Secretaria de Defesa Social: Carla Patr\u00edcia Cunha<\/strong><\/p>\n<p style=\"text-align: justify;\">Delegada da Pol\u00edcia Federal, com mais de 20 anos de atividade, ocupando diversas fun\u00e7\u00f5es, como a Superintend\u00eancia da Pol\u00edcia Federal em Pernambuco. Carla Patr\u00edcia Cunha \u00e9 graduada em Direito pela Universidade Federal de Pernambuco (UFPE), p\u00f3s-graduada em Ci\u00eancia Policial e Intelig\u00eancia pela Academia Nacional de Bras\u00edlia e pela Universidade de Bras\u00edlia\/ANP-UNB. \u00c9 mestre em Engenharia de Produ\u00e7\u00e3o, com foco em gest\u00e3o, e doutoranda em Engenharia de Produ\u00e7\u00e3o, com foco em gest\u00e3o p\u00fablica, tamb\u00e9m pela Universidade Federal de Pernambuco\/UFPE.<\/p>\n<p style=\"text-align: justify;\"><strong>Secretaria de Cultura: Silv\u00e9rio Pessoa<\/strong><\/p>\n<p style=\"text-align: justify;\">Cantor, compositor e pesquisador em cultura popular e cotidiano escolar, religiosidade popular e m\u00fasica religiosa e di\u00e1logos entre culturas, com atividades tamb\u00e9m na \u00e1rea de forma\u00e7\u00e3o docente. Silv\u00e9rio Pessoa \u00e9 pedagogo, graduado pela Universidade Federal de Pernambuco. Tem p\u00f3s-gradua\u00e7\u00e3o em Psicopedagogia pela Fafire e em Moderna Educa\u00e7\u00e3o: Metodologias, Tend\u00eancias e Foco no Aluno pela Escola de Humanidades da PUCRS. \u00c9 mestre e doutor em Ci\u00eancias da Religi\u00e3o pela Universidade Cat\u00f3lica de Pernambuco, onde leciona atualmente.<\/p>\n<p style=\"text-align: justify;\"><strong>Empetur: Eduardo Loyo<\/strong><\/p>\n<p style=\"text-align: justify;\">Advogado, formado em direito pela Universidade Cat\u00f3lica de Pernambuco (Unicap) e tem MBA em Gest\u00e3o Empresarial pela Funda\u00e7\u00e3o Getulio Vargas (FGV). Atualmente \u00e9 CEO da MAI Hot\u00e9is &amp; Resorts e faz parte de uma fam\u00edlia com mais de 35 anos de hist\u00f3ria no turismo do Estado.<\/p>\n<p style=\"text-align: justify;\"><strong>Secretaria da Mulher: Regina C\u00e9lia Barbosa<\/strong><\/p>\n<p style=\"text-align: justify;\">Fil\u00f3sofa, mestra em Ci\u00eancia Pol\u00edtica pela Universidade Federal de Pernambuco (UFPE). Professora universit\u00e1ria h\u00e1 25 anos, com doc\u00eancia nos cursos de Direito e demais \u00e1reas das Ci\u00eancias Humanas. Cofundadora, vice-presidenta e diretora pedag\u00f3gica do Instituto Maria da Penha. \u00c9 ativista na \u00e1rea de enfrentamento \u00e0 viol\u00eancia contra a mulher, viol\u00eancia dom\u00e9stica e viol\u00eancia de g\u00eanero. Membro representante da Sociedade Civil, da Comissa\u0303o Seccional da Mulher Advogada (CSMA) da Ordem dos Advogados do Brasil Seccional de Pernambuco.<\/p>\n<p style=\"text-align: justify;\"><strong>Turismo e Lazer: Daniel Coelho<\/strong><\/p>\n<p style=\"text-align: justify;\">\u00c9 formado em Administra\u00e7\u00e3o pela Universidade de Pernambuco (UPE-FCAP) e tem mestrado em Administra\u00e7\u00e3o de Neg\u00f3cios Internacionais pela Universidade de Bournemouth, na Inglaterra. Na vida p\u00fablica desde 2004, foi vereador do Recife por dois mandatos. Em 2010, se elegeu deputado estadual. Em 2014, foi eleito deputado federal, cargo que ocupou por duas legislaturas.<\/p>\n<p style=\"text-align: justify;\"><strong>Desenvolvimento Urbano e Habita\u00e7\u00e3o: Simone Benevides<\/strong><\/p>\n<p style=\"text-align: justify;\">\u00c9 servidora concursada da Caixa Econ\u00f4mica Federal h\u00e1 mais de 20 anos e mestre em Gest\u00e3o Estrat\u00e9gica de Pessoas pela FBV\/Wyden. \u00c9 formada pelo IBGC (Instituto Brasileiro de Governan\u00e7a Corporativa) como conselheira de administra\u00e7\u00e3o. Possui MBA em Gest\u00e3o Financeira pelo Cedepe &#8211; Centro de Desenvolvimento Empresarial e Gest\u00e3o de RH na Escola Superior de Marketing. Exerce cargo de lideran\u00e7a desde 2004, tendo ocupado fun\u00e7\u00f5es de alta gest\u00e3o na Caixa, tais como diretora executiva de Log\u00edstica e Seguran\u00e7a, diretora executiva de Contratos e Opera\u00e7\u00f5es, diretora de Participa\u00e7\u00f5es da Holding Caixa Participa\u00e7\u00f5es. Atuou tamb\u00e9m como superintendente nacional de Varejo e superintendente regional do estado de Pernambuco. Desde outubro de 2021 estava cedida ao munic\u00edpio de Caruaru, \u00e0 frente da Secretaria da Fazenda.<\/p>\n<p style=\"text-align: justify;\"><strong>Secretaria de Comunica\u00e7\u00e3o: Rodolfo Costa Pinto<\/strong><\/p>\n<p style=\"text-align: justify;\">\u00c9 cientista pol\u00edtico pela UFPE (Universidade Federal de Pernambuco), com mestrado em Comunica\u00e7\u00e3o Pol\u00edtica pela George Washington University (EUA).<\/p>\n<p style=\"text-align: justify;\"><strong>Executiva de Imprensa: Daniella Brito Alves<\/strong><\/p>\n<p style=\"text-align: justify;\">\u00c9 jornalista, graduada pela UFPE, com p\u00f3s-gradua\u00e7\u00e3o em Administra\u00e7\u00e3o e Marketing e mestrado em Sociologia, com atua\u00e7\u00e3o profissional voltada para \u00e1rea de assessoria de imprensa e marketing nos setores p\u00fablico e privado. Tamb\u00e9m \u00e9 professora de cursos de gradua\u00e7\u00e3o e p\u00f3s-gradua\u00e7\u00e3o em Comunica\u00e7\u00e3o e Marketing Pol\u00edtico.<\/p>\n","protected":false},"excerpt":{"rendered":"<p>Foram divulgados, na tarde desta quinta-feira (29), os primeiros nomes do secretariado do Governo Raquel Lyra. Integram essa lista os&hellip;<\/p>\n","protected":false},"author":1,"featured_media":90543,"comment_status":"closed","ping_status":"open","sticky":false,"template":"","format":"standard","meta":{"footnotes":""},"categories":[14122],"tags":[2,19532,3406,20,26393],"class_list":["post-91325","post","type-post","status-publish","format-standard","has-post-thumbnail","hentry","category-politica","tag-blog-do-edvaldo-magalhaes","tag-blog-mais-acessado-e-visualizado-de-caruaru-e-regiao","tag-caruaru","tag-politica","tag-saibam-quem-sao-os-primeiros-nomes-do-secretariado-da-governadora-raquel-lyra"],"_links":{"self":[{"href":"https:\/\/blogdoedvaldomagalhaes.com.br\/index.php\/wp-json\/wp\/v2\/posts\/91325","targetHints":{"allow":["GET"]}}],"collection":[{"href":"https:\/\/blogdoedvaldomagalhaes.com.br\/index.php\/wp-json\/wp\/v2\/posts"}],"about":[{"href":"https:\/\/blogdoedvaldomagalhaes.com.br\/index.php\/wp-json\/wp\/v2\/types\/post"}],"author":[{"embeddable":true,"href":"https:\/\/blogdoedvaldomagalhaes.com.br\/index.php\/wp-json\/wp\/v2\/users\/1"}],"replies":[{"embeddable":true,"href":"https:\/\/blogdoedvaldomagalhaes.com.br\/index.php\/wp-json\/wp\/v2\/comments?post=91325"}],"version-history":[{"count":2,"href":"https:\/\/blogdoedvaldomagalhaes.com.br\/index.php\/wp-json\/wp\/v2\/posts\/91325\/revisions"}],"predecessor-version":[{"id":91331,"href":"https:\/\/blogdoedvaldomagalhaes.com.br\/index.php\/wp-json\/wp\/v2\/posts\/91325\/revisions\/91331"}],"wp:featuredmedia":[{"embeddable":true,"href":"https:\/\/blogdoedvaldomagalhaes.com.br\/index.php\/wp-json\/wp\/v2\/media\/90543"}],"wp:attachment":[{"href":"https:\/\/blogdoedvaldomagalhaes.com.br\/index.php\/wp-json\/wp\/v2\/media?parent=91325"}],"wp:term":[{"taxonomy":"category","embeddable":true,"href":"https:\/\/blogdoedvaldomagalhaes.com.br\/index.php\/wp-json\/wp\/v2\/categories?post=91325"},{"taxonomy":"post_tag","embeddable":true,"href":"https:\/\/blogdoedvaldomagalhaes.com.br\/index.php\/wp-json\/wp\/v2\/tags?post=91325"}],"curies":[{"name":"wp","href":"https:\/\/api.w.org\/{rel}","templated":true}]}}