{"id":91317,"date":"2022-12-29T12:17:10","date_gmt":"2022-12-29T15:17:10","guid":{"rendered":"https:\/\/blogdoedvaldomagalhaes.com.br\/?p=91317"},"modified":"2022-12-29T12:34:11","modified_gmt":"2022-12-29T15:34:11","slug":"prf-da-inicio-a-operacao-ano-novo-em-pernambuco-nesta-sexta-29","status":"publish","type":"post","link":"https:\/\/blogdoedvaldomagalhaes.com.br\/index.php\/2022\/12\/29\/prf-da-inicio-a-operacao-ano-novo-em-pernambuco-nesta-sexta-29\/","title":{"rendered":"PRF d\u00e1 in\u00edcio \u00e0 Opera\u00e7\u00e3o Ano Novo em Pernambuco nesta sexta (29)"},"content":{"rendered":"<p style=\"text-align: justify;\">A Pol\u00edcia Rodovi\u00e1ria Federal dar\u00e1 in\u00edcio, \u00e0s 0h desta sexta (29), \u00e0 Opera\u00e7\u00e3o Ano novo 2022, que segue at\u00e9 \u00e0s 23h59 do domingo (1\u00ba). Desdobramento da Opera\u00e7\u00e3o Rodovida, que vai at\u00e9 o fim do Carnaval 2023, as a\u00e7\u00f5es s\u00e3o planejadas do ponto de vista estrat\u00e9gico e t\u00eam como objetivo principal a garantia de seguran\u00e7a vi\u00e1ria, mobilidade e a consequente preserva\u00e7\u00e3o de vidas nas rodovias e estradas federais por todo o Brasil.<\/p>\n<p style=\"text-align: justify;\">O per\u00edodo de festividades de final de ano em Pernambuco apresenta tradicionalmente um aumento consider\u00e1vel no fluxo de ve\u00edculos nas estradas, como aconteceu no feriado do Natal. Em consequ\u00eancia desse incremento, bem como de situa\u00e7\u00f5es festivas que potencialmente levam ao consumo de bebidas alco\u00f3licas e outros produtos com capacidade de provocar altera\u00e7\u00f5es da capacidade psicomotora, a fiscaliza\u00e7\u00e3o de tr\u00e2nsito e as medidas no sentido de preservar a seguran\u00e7a dos usu\u00e1rios nas rodovias, devem, tamb\u00e9m, ser potencializadas.<\/p>\n<p style=\"text-align: justify;\">A expectativa \u00e9 que, em Pernambuco, o tr\u00e2nsito deve ficar mais intenso na BR-232 e BR-101 no sentido litoral. Os motoristas devem ficar atentos ainda \u00e0s obras de triplica\u00e7\u00e3o que est\u00e3o em andamento na BR-232, sa\u00edda de Recife para o interior. Assim como no planejamento do feriado de Natal, a PRF segue implementando suas decis\u00f5es com base em seus estudos estat\u00edsticos sobre de \u00edndices acidentalidade. A aloca\u00e7\u00e3o de servidores, de equipamentos e de demais empenhos operacionais continua, portanto, obedecendo \u00e0 l\u00f3gica baseada no mapeamento de ocorr\u00eancias relacionadas \u00e0 seguran\u00e7a vi\u00e1ria nas rodovias.<\/p>\n<p style=\"text-align: justify;\">Entre as principais a\u00e7\u00f5es previstas na preven\u00e7\u00e3o de acidentes durante a opera\u00e7\u00e3o, destacam-se o enfrentamento \u00e0 embriaguez ao volante, controle da velocidade, fiscaliza\u00e7\u00e3o de ultrapassagens proibidas, uso do cinto de seguran\u00e7a, dispositivos de reten\u00e7\u00e3o para crian\u00e7as, uso de telefone celular, entre outros. Al\u00e9m disso, est\u00e3o previstas tamb\u00e9m atividades de educa\u00e7\u00e3o para o tr\u00e2nsito, que trouxeram excelentes resultados e um forte engajamento durante a Opera\u00e7\u00e3o Natal. Repetindo o deu certo, a PRF mais uma vez estar\u00e1 em travessias de pedestre, terminais rodovi\u00e1rios e trabalhando a educa\u00e7\u00e3o e conscientiza\u00e7\u00e3o dos usu\u00e1rios das rodovias de forma transversal em todas as suas a\u00e7\u00f5es.<\/p>\n<p style=\"text-align: justify;\">Essa estrat\u00e9gia ser\u00e1 utilizada pela PRF para conscientizar motoristas e passageiros sobre o papel de cada um por um tr\u00e2nsito mais seguro e conta com alguns recursos tecnol\u00f3gicos. Durante as abordagens, os ocupantes do ve\u00edculo recebem um QR-Code, uma esp\u00e9cie de c\u00f3digo de barras, que d\u00e1 acesso a v\u00eddeos que apresentam orienta\u00e7\u00f5es sobre seguran\u00e7a vi\u00e1ria, como o risco do celular na dire\u00e7\u00e3o, respeito ao pedestre, a import\u00e2ncia de manter o ve\u00edculo em bom estado de conserva\u00e7\u00e3o, dentre outros temas.<\/p>\n<p><img decoding=\"async\" class=\"image-right\" src=\"https:\/\/www.gov.br\/prf\/pt-br\/noticias\/estaduais\/pernambuco\/2022\/dezembro\/prf-da-inicio-a-operacao-ano-novo-em-pernambuco-nesta-sexta-29\/generica-fiscalizacao-noturna.jpeg\/@@images\/36599d51-5f70-4a97-914b-0b4fe0d3a6a4.jpeg\" alt=\"generica fiscaliza\u00e7\u00e3o noturna.jpeg\" \/><\/p>\n<p style=\"text-align: justify;\">Para alcan\u00e7ar estat\u00edsticas mais animadoras do que as da Opera\u00e7\u00e3o Natal, a PRF ressalta ainda a imensa import\u00e2ncia da ado\u00e7\u00e3o de medidas preventivas por parte dos motoristas. Tais cuidados, relacionados \u00e0 conserva\u00e7\u00e3o dos ve\u00edculos e ao correto funcionamento dos itens de seguran\u00e7a, s\u00e3o fundamentais para a preven\u00e7\u00e3o de acidentes e para preserva\u00e7\u00e3o da pr\u00f3pria vida e da vida dos demais usu\u00e1rios. Entre os principais itens a serem observados para uma viagem segura, a Pol\u00edcia Rodovi\u00e1ria Federal destaca:<\/p>\n<p style=\"text-align: justify;\">&#8211; Planeje bem a viagem, veja pontos de parada, condi\u00e7\u00f5es do tr\u00e1fego e da via, previs\u00e3o do tempo etc<\/p>\n<p style=\"text-align: justify;\">&#8211; Verifica\u00e7\u00e3o da press\u00e3o de todos os pneus e aten\u00e7\u00e3o \u00e0 demanda de peso que o carro ter\u00e1 que carregar (bagagens e passageiros).<br \/>&#8211; Confer\u00eancia do estepe. Caso haja alguma avaria, substitua-o para uso, caso necess\u00e1rio.<br \/>&#8211; Alinhamento e balanceamento<br \/>&#8211; Equipamentos obrigat\u00f3rios: todo ve\u00edculo deve ter pneu estepe, tri\u00e2ngulo, chave de roda e macaco dentro do porta-malas.<br \/>&#8211; Verifica\u00e7\u00e3o do funcionamento do sistema de ilumina\u00e7\u00e3o.<br \/>&#8211; Deixar a \u00e1gua do radiador no n\u00edvel certo e o flu\u00eddo do sistema de arrefecimento em dia<br \/>&#8211; Revis\u00e3o dos sistemas de amortecimento e freios<br \/>&#8211; Verifica\u00e7\u00e3o do prazo de validade do filtro e \u00f3leo do motor.<br \/>&#8211; Verifica\u00e7\u00e3o de limpadores de para-brisa.<br \/>&#8211; Confer\u00eancia do funcionamento da bateria.<br \/>&#8211; Confer\u00eancia de mangueiras e correias.<br \/>&#8211; Documenta\u00e7\u00e3o em dia. O ve\u00edculo precisa estar com o licenciamento e IPVA com os recolhimentos devidos. Fotos: Divulga\u00e7\u00e3o\/PRF,<\/p>\n<p style=\"text-align: justify;\">Siga o Instagram do Blog @blogdoedvaldomagalhaes<\/p>\n\n\n<p><\/p>\n","protected":false},"excerpt":{"rendered":"<p>A Pol\u00edcia Rodovi\u00e1ria Federal dar\u00e1 in\u00edcio, \u00e0s 0h desta sexta (29), \u00e0 Opera\u00e7\u00e3o Ano novo 2022, que segue at\u00e9 \u00e0s&hellip;<\/p>\n","protected":false},"author":1,"featured_media":91318,"comment_status":"closed","ping_status":"open","sticky":false,"template":"","format":"standard","meta":{"footnotes":""},"categories":[14120],"tags":[2,19532,3406,26392],"class_list":["post-91317","post","type-post","status-publish","format-standard","has-post-thumbnail","hentry","category-noticias","tag-blog-do-edvaldo-magalhaes","tag-blog-mais-acessado-e-visualizado-de-caruaru-e-regiao","tag-caruaru","tag-prf-da-inicio-a-operacao-ano-novo-em-pernambuco-nesta-sexta-29"],"_links":{"self":[{"href":"https:\/\/blogdoedvaldomagalhaes.com.br\/index.php\/wp-json\/wp\/v2\/posts\/91317","targetHints":{"allow":["GET"]}}],"collection":[{"href":"https:\/\/blogdoedvaldomagalhaes.com.br\/index.php\/wp-json\/wp\/v2\/posts"}],"about":[{"href":"https:\/\/blogdoedvaldomagalhaes.com.br\/index.php\/wp-json\/wp\/v2\/types\/post"}],"author":[{"embeddable":true,"href":"https:\/\/blogdoedvaldomagalhaes.com.br\/index.php\/wp-json\/wp\/v2\/users\/1"}],"replies":[{"embeddable":true,"href":"https:\/\/blogdoedvaldomagalhaes.com.br\/index.php\/wp-json\/wp\/v2\/comments?post=91317"}],"version-history":[{"count":4,"href":"https:\/\/blogdoedvaldomagalhaes.com.br\/index.php\/wp-json\/wp\/v2\/posts\/91317\/revisions"}],"predecessor-version":[{"id":91324,"href":"https:\/\/blogdoedvaldomagalhaes.com.br\/index.php\/wp-json\/wp\/v2\/posts\/91317\/revisions\/91324"}],"wp:featuredmedia":[{"embeddable":true,"href":"https:\/\/blogdoedvaldomagalhaes.com.br\/index.php\/wp-json\/wp\/v2\/media\/91318"}],"wp:attachment":[{"href":"https:\/\/blogdoedvaldomagalhaes.com.br\/index.php\/wp-json\/wp\/v2\/media?parent=91317"}],"wp:term":[{"taxonomy":"category","embeddable":true,"href":"https:\/\/blogdoedvaldomagalhaes.com.br\/index.php\/wp-json\/wp\/v2\/categories?post=91317"},{"taxonomy":"post_tag","embeddable":true,"href":"https:\/\/blogdoedvaldomagalhaes.com.br\/index.php\/wp-json\/wp\/v2\/tags?post=91317"}],"curies":[{"name":"wp","href":"https:\/\/api.w.org\/{rel}","templated":true}]}}