{"id":91310,"date":"2022-12-29T11:51:54","date_gmt":"2022-12-29T14:51:54","guid":{"rendered":"https:\/\/blogdoedvaldomagalhaes.com.br\/?p=91310"},"modified":"2022-12-29T12:02:52","modified_gmt":"2022-12-29T15:02:52","slug":"adolescente-pega-carro-sem-autorizacao-provoca-acidentes-e-deixa-mulher-morta","status":"publish","type":"post","link":"https:\/\/blogdoedvaldomagalhaes.com.br\/index.php\/2022\/12\/29\/adolescente-pega-carro-sem-autorizacao-provoca-acidentes-e-deixa-mulher-morta\/","title":{"rendered":"Adolescente pega carro sem autoriza\u00e7\u00e3o, provoca acidentes, e deixa mulher morta"},"content":{"rendered":"<p style=\"text-align: justify;\"><span style=\"font-size: revert;\">Um adolescente foi apreendido e conduzido, juntamente com sua m\u00e3e, para a Delegacia de Pol\u00edcia de Alagoinha, no Agreste, por policiais militares da 8\u00aa CIPM, quarta-feira(28). O rapaz \u00e9 apontado como respons\u00e1vel por dois acidentes de tr\u00e2nsito, na PE-217, no trecho que liga Alagoinha a Pesqueira, que deixaram uma pessoa morta.<\/span><\/p>\n<p>O efetivo foi acionado para verificar a ocorr\u00eancia e ao chegar no local encontrou um carro e duas motos. Ao lado dos ve\u00edculos estava o corpo de uma mulher, j\u00e1 sem vida. Um homem relatou que estava parado, quando o carro invadiu o acostamento e o atropelou. Mais \u00e0 frente, bateu em outra moto, matando a mulher que estava na garupa. O condutor, ent\u00e3o, abandou o ve\u00edculo e fugiu, sem prestar socorro a ningu\u00e9m. A m\u00e3e do rapaz se apresentou aos policiais e afirmou que o filho \u00e9 menor de idade e pegou o carro escondido para ir a uma festa.<\/p>\n<p style=\"text-align: justify;\"><span style=\"font-size: revert;\"> O adolescente foi localizado e apresentado \u00e0 Pol\u00edcia Civil para a tomada das medidas cab\u00edveis. O piloto da moto onde estava a v\u00edtima fatal foi socorrido pelo SAMU.<\/span><\/p>\n<p style=\"text-align: justify;\">Siga o Instagram do Blog @blogdoedvaldomagalhaes<\/p>\n\n\n<figure class=\"wp-block-image size-full\"><img loading=\"lazy\" decoding=\"async\" width=\"465\" height=\"361\" src=\"https:\/\/blogdoedvaldomagalhaes.com.br\/wp-content\/uploads\/2022\/12\/356CD86D-B545-4D08-ACF9-68D7DB0E2868.jpeg\" alt=\"\" class=\"wp-image-91313\" srcset=\"https:\/\/blogdoedvaldomagalhaes.com.br\/wp-content\/uploads\/2022\/12\/356CD86D-B545-4D08-ACF9-68D7DB0E2868.jpeg 465w, https:\/\/blogdoedvaldomagalhaes.com.br\/wp-content\/uploads\/2022\/12\/356CD86D-B545-4D08-ACF9-68D7DB0E2868-300x233.jpeg 300w\" sizes=\"auto, (max-width: 465px) 100vw, 465px\" \/><figcaption class=\"wp-element-caption\">Fotos: Divulga\u00e7\u00e3o\/PMPE <\/figcaption><\/figure>\n","protected":false},"excerpt":{"rendered":"<p>Um adolescente foi apreendido e conduzido, juntamente com sua m\u00e3e, para a Delegacia de Pol\u00edcia de Alagoinha, no Agreste, por&hellip;<\/p>\n","protected":false},"author":1,"featured_media":91311,"comment_status":"closed","ping_status":"open","sticky":false,"template":"","format":"standard","meta":{"footnotes":""},"categories":[14120],"tags":[14276,26391,7120,2,19532],"class_list":["post-91310","post","type-post","status-publish","format-standard","has-post-thumbnail","hentry","category-noticias","tag-acidente","tag-adolescente-pega-carro-sem-autorizacao-provoca-acidentes-e-deixa-mulher-morta","tag-blog","tag-blog-do-edvaldo-magalhaes","tag-blog-mais-acessado-e-visualizado-de-caruaru-e-regiao"],"_links":{"self":[{"href":"https:\/\/blogdoedvaldomagalhaes.com.br\/index.php\/wp-json\/wp\/v2\/posts\/91310","targetHints":{"allow":["GET"]}}],"collection":[{"href":"https:\/\/blogdoedvaldomagalhaes.com.br\/index.php\/wp-json\/wp\/v2\/posts"}],"about":[{"href":"https:\/\/blogdoedvaldomagalhaes.com.br\/index.php\/wp-json\/wp\/v2\/types\/post"}],"author":[{"embeddable":true,"href":"https:\/\/blogdoedvaldomagalhaes.com.br\/index.php\/wp-json\/wp\/v2\/users\/1"}],"replies":[{"embeddable":true,"href":"https:\/\/blogdoedvaldomagalhaes.com.br\/index.php\/wp-json\/wp\/v2\/comments?post=91310"}],"version-history":[{"count":2,"href":"https:\/\/blogdoedvaldomagalhaes.com.br\/index.php\/wp-json\/wp\/v2\/posts\/91310\/revisions"}],"predecessor-version":[{"id":91314,"href":"https:\/\/blogdoedvaldomagalhaes.com.br\/index.php\/wp-json\/wp\/v2\/posts\/91310\/revisions\/91314"}],"wp:featuredmedia":[{"embeddable":true,"href":"https:\/\/blogdoedvaldomagalhaes.com.br\/index.php\/wp-json\/wp\/v2\/media\/91311"}],"wp:attachment":[{"href":"https:\/\/blogdoedvaldomagalhaes.com.br\/index.php\/wp-json\/wp\/v2\/media?parent=91310"}],"wp:term":[{"taxonomy":"category","embeddable":true,"href":"https:\/\/blogdoedvaldomagalhaes.com.br\/index.php\/wp-json\/wp\/v2\/categories?post=91310"},{"taxonomy":"post_tag","embeddable":true,"href":"https:\/\/blogdoedvaldomagalhaes.com.br\/index.php\/wp-json\/wp\/v2\/tags?post=91310"}],"curies":[{"name":"wp","href":"https:\/\/api.w.org\/{rel}","templated":true}]}}