{"id":91300,"date":"2022-12-29T10:32:35","date_gmt":"2022-12-29T13:32:35","guid":{"rendered":"https:\/\/blogdoedvaldomagalhaes.com.br\/?p=91300"},"modified":"2022-12-29T11:20:36","modified_gmt":"2022-12-29T14:20:36","slug":"vereador-edmilson-do-salgado-faz-balanco-dos-servicos-prestado-em-caruaru","status":"publish","type":"post","link":"https:\/\/blogdoedvaldomagalhaes.com.br\/index.php\/2022\/12\/29\/vereador-edmilson-do-salgado-faz-balanco-dos-servicos-prestado-em-caruaru\/","title":{"rendered":"Vereador Edmilson do Salgado faz balan\u00e7o dos servi\u00e7os prestados em Caruaru"},"content":{"rendered":"<p style=\"text-align: justify;\"><span style=\"font-size: revert;\">O vereador Edmilson do Salgado (PSDB), encaminhou para a imprensa na manh\u00e3 de hoje (29), um balan\u00e7o dos servi\u00e7os que foram solicitados e executados em Caruaru. O nome que Edmilson utiliza &#8221;Do Salgado&#8221; muito pensam que o vereador trabalha apenas no Salgado, mas ele trabalha por Caruaru. O ano de 2022 est\u00e1 acabando, foi um ano de muita f\u00e9 e trabalho. Edmilson trabalhou incansavelmente na \u00e1rea de limpeza e desobstru\u00e7\u00e3o de esgotos. Foram enviados alguns of\u00edcios e requerimentos para Prefeitura de Caruaru como tamb\u00e9m foi feito v\u00e1rias reivindica\u00e7\u00f5es \u00e0 Compesa de Caruaru, onde o vereador Edmilson tem um carinho imenso pelos secret\u00e1rios e alguns respons\u00e1veis que atuam na ger\u00eancia da Compesa.<\/span><\/p>\n<p style=\"text-align: justify;\">&#8221;Atualmente, temos 12 indica\u00e7\u00f5es e 7 foram atendidos; Foram criados 3 projetos de Leis e 161 requerimentos e 22 executados. Al\u00e9m dos requerimentos apresentados na C\u00e2mara Municipal de Caruaru, fizemos 289 of\u00edcios e 188 foram atendidos. Tamb\u00e9m fizemos 106 of\u00edcios solicitando as trocas de l\u00e2mpadas queimadas e 77 foram atendidas. A cada ano que se passa, nosso compromisso por Caruaru s\u00f3 aumenta! Sabemos das demandas que temos em nossa cidade, mas aos poucos vamos conseguindo trazer benef\u00edcios para melhor a situa\u00e7\u00e3o de cada um&#8221;, afirma o vereador Edmilson do Salgado. Todos os servi\u00e7os do vereador, voc\u00eas podem acompanhar nas redes sociais do mesmo, onde diariamente s\u00e3o postados todas as solicita\u00e7\u00f5es e quando os servi\u00e7os s\u00e3o executados.<\/p>\n<p>Instagram &#8211; @vereadoredmilsondosalgado<br>Facebook &#8211; facebook.com\/vereadoredmilsondosalgado<\/p>\n\n\n<figure class=\"wp-block-image size-large\"><img loading=\"lazy\" decoding=\"async\" width=\"576\" height=\"1024\" src=\"https:\/\/blogdoedvaldomagalhaes.com.br\/wp-content\/uploads\/2022\/12\/F1642217-57CC-4060-8035-0377FF9BF210-576x1024.jpeg\" alt=\"\" class=\"wp-image-91302\" srcset=\"https:\/\/blogdoedvaldomagalhaes.com.br\/wp-content\/uploads\/2022\/12\/F1642217-57CC-4060-8035-0377FF9BF210-576x1024.jpeg 576w, https:\/\/blogdoedvaldomagalhaes.com.br\/wp-content\/uploads\/2022\/12\/F1642217-57CC-4060-8035-0377FF9BF210-169x300.jpeg 169w, https:\/\/blogdoedvaldomagalhaes.com.br\/wp-content\/uploads\/2022\/12\/F1642217-57CC-4060-8035-0377FF9BF210-768x1365.jpeg 768w, https:\/\/blogdoedvaldomagalhaes.com.br\/wp-content\/uploads\/2022\/12\/F1642217-57CC-4060-8035-0377FF9BF210-864x1536.jpeg 864w, https:\/\/blogdoedvaldomagalhaes.com.br\/wp-content\/uploads\/2022\/12\/F1642217-57CC-4060-8035-0377FF9BF210.jpeg 900w\" sizes=\"auto, (max-width: 576px) 100vw, 576px\" \/><\/figure>\n\n\n\n<figure class=\"wp-block-image size-large\"><img loading=\"lazy\" decoding=\"async\" width=\"768\" height=\"1024\" src=\"https:\/\/blogdoedvaldomagalhaes.com.br\/wp-content\/uploads\/2022\/12\/C85B32EE-2EFA-4B99-A046-036831DB5515-768x1024.jpeg\" alt=\"\" class=\"wp-image-91303\" srcset=\"https:\/\/blogdoedvaldomagalhaes.com.br\/wp-content\/uploads\/2022\/12\/C85B32EE-2EFA-4B99-A046-036831DB5515-768x1024.jpeg 768w, https:\/\/blogdoedvaldomagalhaes.com.br\/wp-content\/uploads\/2022\/12\/C85B32EE-2EFA-4B99-A046-036831DB5515-225x300.jpeg 225w, https:\/\/blogdoedvaldomagalhaes.com.br\/wp-content\/uploads\/2022\/12\/C85B32EE-2EFA-4B99-A046-036831DB5515-1152x1536.jpeg 1152w, https:\/\/blogdoedvaldomagalhaes.com.br\/wp-content\/uploads\/2022\/12\/C85B32EE-2EFA-4B99-A046-036831DB5515.jpeg 1200w\" sizes=\"auto, (max-width: 768px) 100vw, 768px\" \/><\/figure>\n\n\n\n<figure class=\"wp-block-image size-large\"><img loading=\"lazy\" decoding=\"async\" width=\"1024\" height=\"1024\" src=\"https:\/\/blogdoedvaldomagalhaes.com.br\/wp-content\/uploads\/2022\/12\/27C4CB6A-8DF1-4A72-B2B0-E392BDD78B48-1024x1024.jpeg\" alt=\"\" class=\"wp-image-91304\" srcset=\"https:\/\/blogdoedvaldomagalhaes.com.br\/wp-content\/uploads\/2022\/12\/27C4CB6A-8DF1-4A72-B2B0-E392BDD78B48-1024x1024.jpeg 1024w, https:\/\/blogdoedvaldomagalhaes.com.br\/wp-content\/uploads\/2022\/12\/27C4CB6A-8DF1-4A72-B2B0-E392BDD78B48-300x300.jpeg 300w, https:\/\/blogdoedvaldomagalhaes.com.br\/wp-content\/uploads\/2022\/12\/27C4CB6A-8DF1-4A72-B2B0-E392BDD78B48-150x150.jpeg 150w, https:\/\/blogdoedvaldomagalhaes.com.br\/wp-content\/uploads\/2022\/12\/27C4CB6A-8DF1-4A72-B2B0-E392BDD78B48-768x768.jpeg 768w, https:\/\/blogdoedvaldomagalhaes.com.br\/wp-content\/uploads\/2022\/12\/27C4CB6A-8DF1-4A72-B2B0-E392BDD78B48.jpeg 1440w\" sizes=\"auto, (max-width: 1024px) 100vw, 1024px\" \/><\/figure>\n\n\n\n<figure class=\"wp-block-image size-large\"><img loading=\"lazy\" decoding=\"async\" width=\"576\" height=\"1024\" src=\"https:\/\/blogdoedvaldomagalhaes.com.br\/wp-content\/uploads\/2022\/12\/5291C21B-A1A4-414A-8EB1-2CC892CBE929-576x1024.jpeg\" alt=\"\" class=\"wp-image-91305\" srcset=\"https:\/\/blogdoedvaldomagalhaes.com.br\/wp-content\/uploads\/2022\/12\/5291C21B-A1A4-414A-8EB1-2CC892CBE929-576x1024.jpeg 576w, https:\/\/blogdoedvaldomagalhaes.com.br\/wp-content\/uploads\/2022\/12\/5291C21B-A1A4-414A-8EB1-2CC892CBE929-169x300.jpeg 169w, https:\/\/blogdoedvaldomagalhaes.com.br\/wp-content\/uploads\/2022\/12\/5291C21B-A1A4-414A-8EB1-2CC892CBE929.jpeg 720w\" sizes=\"auto, (max-width: 576px) 100vw, 576px\" \/><figcaption class=\"wp-element-caption\">Fotos: Divulga\u00e7\u00e3o <\/figcaption><\/figure>\n","protected":false},"excerpt":{"rendered":"<p>O vereador Edmilson do Salgado (PSDB), encaminhou para a imprensa na manh\u00e3 de hoje (29), um balan\u00e7o dos servi\u00e7os que&hellip;<\/p>\n","protected":false},"author":1,"featured_media":91301,"comment_status":"closed","ping_status":"open","sticky":false,"template":"","format":"standard","meta":{"footnotes":""},"categories":[14122],"tags":[7120,2,19532,20295,26390],"class_list":["post-91300","post","type-post","status-publish","format-standard","has-post-thumbnail","hentry","category-politica","tag-blog","tag-blog-do-edvaldo-magalhaes","tag-blog-mais-acessado-e-visualizado-de-caruaru-e-regiao","tag-politica-2","tag-vereador-edmilson-do-salgado-faz-balanco-dos-servicos-prestado-em-caruaru"],"_links":{"self":[{"href":"https:\/\/blogdoedvaldomagalhaes.com.br\/index.php\/wp-json\/wp\/v2\/posts\/91300","targetHints":{"allow":["GET"]}}],"collection":[{"href":"https:\/\/blogdoedvaldomagalhaes.com.br\/index.php\/wp-json\/wp\/v2\/posts"}],"about":[{"href":"https:\/\/blogdoedvaldomagalhaes.com.br\/index.php\/wp-json\/wp\/v2\/types\/post"}],"author":[{"embeddable":true,"href":"https:\/\/blogdoedvaldomagalhaes.com.br\/index.php\/wp-json\/wp\/v2\/users\/1"}],"replies":[{"embeddable":true,"href":"https:\/\/blogdoedvaldomagalhaes.com.br\/index.php\/wp-json\/wp\/v2\/comments?post=91300"}],"version-history":[{"count":3,"href":"https:\/\/blogdoedvaldomagalhaes.com.br\/index.php\/wp-json\/wp\/v2\/posts\/91300\/revisions"}],"predecessor-version":[{"id":91308,"href":"https:\/\/blogdoedvaldomagalhaes.com.br\/index.php\/wp-json\/wp\/v2\/posts\/91300\/revisions\/91308"}],"wp:featuredmedia":[{"embeddable":true,"href":"https:\/\/blogdoedvaldomagalhaes.com.br\/index.php\/wp-json\/wp\/v2\/media\/91301"}],"wp:attachment":[{"href":"https:\/\/blogdoedvaldomagalhaes.com.br\/index.php\/wp-json\/wp\/v2\/media?parent=91300"}],"wp:term":[{"taxonomy":"category","embeddable":true,"href":"https:\/\/blogdoedvaldomagalhaes.com.br\/index.php\/wp-json\/wp\/v2\/categories?post=91300"},{"taxonomy":"post_tag","embeddable":true,"href":"https:\/\/blogdoedvaldomagalhaes.com.br\/index.php\/wp-json\/wp\/v2\/tags?post=91300"}],"curies":[{"name":"wp","href":"https:\/\/api.w.org\/{rel}","templated":true}]}}