{"id":91287,"date":"2022-12-29T09:13:47","date_gmt":"2022-12-29T12:13:47","guid":{"rendered":"https:\/\/blogdoedvaldomagalhaes.com.br\/?p=91287"},"modified":"2022-12-29T11:23:51","modified_gmt":"2022-12-29T14:23:51","slug":"homicidio-homem-e-baleado-dentro-de-carro-em-caruaru-e-morre-no-hospital","status":"publish","type":"post","link":"https:\/\/blogdoedvaldomagalhaes.com.br\/index.php\/2022\/12\/29\/homicidio-homem-e-baleado-dentro-de-carro-em-caruaru-e-morre-no-hospital\/","title":{"rendered":"Homic\u00eddio: Homem \u00e9 baleado dentro de carro em Caruaru, e morre no hospital"},"content":{"rendered":"<p style=\"text-align: justify;\">Um homic\u00eddio foi registrado na manh\u00e3 desta quinta-feira em Caruaru. Um homem foi baleado dentro de um carro no Loteamento S\u00e3o Jos\u00e9, socorrido para o Hospital Regional do Agreste (HRA), onde faleceu,<\/p>\n<p style=\"text-align: justify;\">Segundo informa\u00e7\u00f5es, Miqu\u00e9ias Bezerra Lira, 27 anos de idade, que morava no Loteamento Agreste, estava em um carro quando o assassino saiu do mato e come\u00e7ou a atirar contra o ve\u00edculo,<\/p>\n<p style=\"text-align: justify;\">Este foi o 10\u00b0 homic\u00eddio no m\u00eas de dezembro, e o 95\u00b0 no ano de 2022, em Caruaru.<\/p>\n<p style=\"text-align: justify;\">Siga o Instagram do Blog @blogdoedvaldomagahaes<\/p>\n\n\n<figure class=\"wp-block-image size-full\"><img loading=\"lazy\" decoding=\"async\" width=\"461\" height=\"360\" src=\"https:\/\/blogdoedvaldomagalhaes.com.br\/wp-content\/uploads\/2022\/12\/F3E79A42-6637-4F45-899E-AED15A41FE55.jpeg\" alt=\"\" class=\"wp-image-91295\" srcset=\"https:\/\/blogdoedvaldomagalhaes.com.br\/wp-content\/uploads\/2022\/12\/F3E79A42-6637-4F45-899E-AED15A41FE55.jpeg 461w, https:\/\/blogdoedvaldomagalhaes.com.br\/wp-content\/uploads\/2022\/12\/F3E79A42-6637-4F45-899E-AED15A41FE55-300x234.jpeg 300w\" sizes=\"auto, (max-width: 461px) 100vw, 461px\" \/><figcaption class=\"wp-element-caption\">Vitima<\/figcaption><\/figure>\n\n\n\n<figure class=\"wp-block-image size-full\"><img loading=\"lazy\" decoding=\"async\" width=\"750\" height=\"1000\" src=\"https:\/\/blogdoedvaldomagalhaes.com.br\/wp-content\/uploads\/2022\/12\/417F9C80-7461-41FC-B089-C73097B4713E.jpeg\" alt=\"\" class=\"wp-image-91296\" srcset=\"https:\/\/blogdoedvaldomagalhaes.com.br\/wp-content\/uploads\/2022\/12\/417F9C80-7461-41FC-B089-C73097B4713E.jpeg 750w, https:\/\/blogdoedvaldomagalhaes.com.br\/wp-content\/uploads\/2022\/12\/417F9C80-7461-41FC-B089-C73097B4713E-225x300.jpeg 225w\" sizes=\"auto, (max-width: 750px) 100vw, 750px\" \/><figcaption class=\"wp-element-caption\">Foto: Reprodu\u00e7\u00e3o\/WhatsApp <\/figcaption><\/figure>\n","protected":false},"excerpt":{"rendered":"<p>Um homic\u00eddio foi registrado na manh\u00e3 desta quinta-feira em Caruaru. Um homem foi baleado dentro de um carro no Loteamento&hellip;<\/p>\n","protected":false},"author":1,"featured_media":91289,"comment_status":"closed","ping_status":"open","sticky":false,"template":"","format":"standard","meta":{"footnotes":""},"categories":[14121],"tags":[7120,2,19532,26389],"class_list":["post-91287","post","type-post","status-publish","format-standard","has-post-thumbnail","hentry","category-policial","tag-blog","tag-blog-do-edvaldo-magalhaes","tag-blog-mais-acessado-e-visualizado-de-caruaru-e-regiao","tag-homicidio-homem-e-baleado-dentro-de-carro-em-caruaru-e-morre-no-hospital"],"_links":{"self":[{"href":"https:\/\/blogdoedvaldomagalhaes.com.br\/index.php\/wp-json\/wp\/v2\/posts\/91287","targetHints":{"allow":["GET"]}}],"collection":[{"href":"https:\/\/blogdoedvaldomagalhaes.com.br\/index.php\/wp-json\/wp\/v2\/posts"}],"about":[{"href":"https:\/\/blogdoedvaldomagalhaes.com.br\/index.php\/wp-json\/wp\/v2\/types\/post"}],"author":[{"embeddable":true,"href":"https:\/\/blogdoedvaldomagalhaes.com.br\/index.php\/wp-json\/wp\/v2\/users\/1"}],"replies":[{"embeddable":true,"href":"https:\/\/blogdoedvaldomagalhaes.com.br\/index.php\/wp-json\/wp\/v2\/comments?post=91287"}],"version-history":[{"count":5,"href":"https:\/\/blogdoedvaldomagalhaes.com.br\/index.php\/wp-json\/wp\/v2\/posts\/91287\/revisions"}],"predecessor-version":[{"id":91309,"href":"https:\/\/blogdoedvaldomagalhaes.com.br\/index.php\/wp-json\/wp\/v2\/posts\/91287\/revisions\/91309"}],"wp:featuredmedia":[{"embeddable":true,"href":"https:\/\/blogdoedvaldomagalhaes.com.br\/index.php\/wp-json\/wp\/v2\/media\/91289"}],"wp:attachment":[{"href":"https:\/\/blogdoedvaldomagalhaes.com.br\/index.php\/wp-json\/wp\/v2\/media?parent=91287"}],"wp:term":[{"taxonomy":"category","embeddable":true,"href":"https:\/\/blogdoedvaldomagalhaes.com.br\/index.php\/wp-json\/wp\/v2\/categories?post=91287"},{"taxonomy":"post_tag","embeddable":true,"href":"https:\/\/blogdoedvaldomagalhaes.com.br\/index.php\/wp-json\/wp\/v2\/tags?post=91287"}],"curies":[{"name":"wp","href":"https:\/\/api.w.org\/{rel}","templated":true}]}}