{"id":91281,"date":"2022-12-29T07:38:40","date_gmt":"2022-12-29T10:38:40","guid":{"rendered":"https:\/\/blogdoedvaldomagalhaes.com.br\/?p=91281"},"modified":"2022-12-29T07:47:07","modified_gmt":"2022-12-29T10:47:07","slug":"vereador-galego-de-lajes-acompanha-obra-de-implantacao-da-rede-de-distribuicao-de-agua-em-carapotos","status":"publish","type":"post","link":"https:\/\/blogdoedvaldomagalhaes.com.br\/index.php\/2022\/12\/29\/vereador-galego-de-lajes-acompanha-obra-de-implantacao-da-rede-de-distribuicao-de-agua-em-carapotos\/","title":{"rendered":"Vereador Galego de Lajes acompanha obra de implanta\u00e7\u00e3o da rede de distribui\u00e7\u00e3o de \u00e1gua, em Carapot\u00f3s"},"content":{"rendered":"<p style=\"text-align: justify;\"><span style=\"font-size: revert;\">O vereador Galego de Lajes acompanha a empresa que est\u00e1 executando a obra de implanta\u00e7\u00e3o da rede de distribui\u00e7\u00e3o de \u00e1gua em Carapot\u00f3s, distrito de Caruaru. O investimento da Compesa \u00e9 de quase R$ 500 mil, ser\u00e3o implantados 3,9 quil\u00f4metros de tubula\u00e7\u00e3o que beneficiar\u00e3o quase 100 fam\u00edlias beneficiadas, sendo 260 moradores da \u00e1rea.<\/span><\/p>\n<p style=\"text-align: justify;\">\u201cEssa obra \u00e9 um pedido meu, com recursos de emenda parlamentar do deputado estadual Tony Gel. \u00c9 uma obra muito esperada pelos moradores de Carapot\u00f3s, que, em breve, ser\u00e3o contemplados com essa melhoria\u201d, afirmou o vereador Galego de Lajes.<\/p>\n\n\n<figure class=\"wp-block-image size-large\"><img loading=\"lazy\" decoding=\"async\" width=\"1024\" height=\"577\" src=\"https:\/\/blogdoedvaldomagalhaes.com.br\/wp-content\/uploads\/2022\/12\/99FD580B-182A-4417-BC4D-4C76FFA4BE0D-1024x577.jpeg\" alt=\"\" class=\"wp-image-91283\" srcset=\"https:\/\/blogdoedvaldomagalhaes.com.br\/wp-content\/uploads\/2022\/12\/99FD580B-182A-4417-BC4D-4C76FFA4BE0D-1024x577.jpeg 1024w, https:\/\/blogdoedvaldomagalhaes.com.br\/wp-content\/uploads\/2022\/12\/99FD580B-182A-4417-BC4D-4C76FFA4BE0D-300x169.jpeg 300w, https:\/\/blogdoedvaldomagalhaes.com.br\/wp-content\/uploads\/2022\/12\/99FD580B-182A-4417-BC4D-4C76FFA4BE0D-768x432.jpeg 768w, https:\/\/blogdoedvaldomagalhaes.com.br\/wp-content\/uploads\/2022\/12\/99FD580B-182A-4417-BC4D-4C76FFA4BE0D-1536x865.jpeg 1536w, https:\/\/blogdoedvaldomagalhaes.com.br\/wp-content\/uploads\/2022\/12\/99FD580B-182A-4417-BC4D-4C76FFA4BE0D-1140x641.jpeg 1140w, https:\/\/blogdoedvaldomagalhaes.com.br\/wp-content\/uploads\/2022\/12\/99FD580B-182A-4417-BC4D-4C76FFA4BE0D-720x405.jpeg 720w, https:\/\/blogdoedvaldomagalhaes.com.br\/wp-content\/uploads\/2022\/12\/99FD580B-182A-4417-BC4D-4C76FFA4BE0D.jpeg 1600w\" sizes=\"auto, (max-width: 1024px) 100vw, 1024px\" \/><\/figure>\n","protected":false},"excerpt":{"rendered":"<p>O vereador Galego de Lajes acompanha a empresa que est\u00e1 executando a obra de implanta\u00e7\u00e3o da rede de distribui\u00e7\u00e3o de&hellip;<\/p>\n","protected":false},"author":1,"featured_media":91282,"comment_status":"closed","ping_status":"open","sticky":false,"template":"","format":"standard","meta":{"footnotes":""},"categories":[14122],"tags":[7120,2,19532,3406,20295,26388,5404],"class_list":["post-91281","post","type-post","status-publish","format-standard","has-post-thumbnail","hentry","category-politica","tag-blog","tag-blog-do-edvaldo-magalhaes","tag-blog-mais-acessado-e-visualizado-de-caruaru-e-regiao","tag-caruaru","tag-politica-2","tag-vereador-galego-de-lajes-acompanha-obra-de-implantacao-da-rede-de-distribuicao-de-agua-em-carapotos","tag-zona-rural-de-caruaru"],"_links":{"self":[{"href":"https:\/\/blogdoedvaldomagalhaes.com.br\/index.php\/wp-json\/wp\/v2\/posts\/91281","targetHints":{"allow":["GET"]}}],"collection":[{"href":"https:\/\/blogdoedvaldomagalhaes.com.br\/index.php\/wp-json\/wp\/v2\/posts"}],"about":[{"href":"https:\/\/blogdoedvaldomagalhaes.com.br\/index.php\/wp-json\/wp\/v2\/types\/post"}],"author":[{"embeddable":true,"href":"https:\/\/blogdoedvaldomagalhaes.com.br\/index.php\/wp-json\/wp\/v2\/users\/1"}],"replies":[{"embeddable":true,"href":"https:\/\/blogdoedvaldomagalhaes.com.br\/index.php\/wp-json\/wp\/v2\/comments?post=91281"}],"version-history":[{"count":2,"href":"https:\/\/blogdoedvaldomagalhaes.com.br\/index.php\/wp-json\/wp\/v2\/posts\/91281\/revisions"}],"predecessor-version":[{"id":91286,"href":"https:\/\/blogdoedvaldomagalhaes.com.br\/index.php\/wp-json\/wp\/v2\/posts\/91281\/revisions\/91286"}],"wp:featuredmedia":[{"embeddable":true,"href":"https:\/\/blogdoedvaldomagalhaes.com.br\/index.php\/wp-json\/wp\/v2\/media\/91282"}],"wp:attachment":[{"href":"https:\/\/blogdoedvaldomagalhaes.com.br\/index.php\/wp-json\/wp\/v2\/media?parent=91281"}],"wp:term":[{"taxonomy":"category","embeddable":true,"href":"https:\/\/blogdoedvaldomagalhaes.com.br\/index.php\/wp-json\/wp\/v2\/categories?post=91281"},{"taxonomy":"post_tag","embeddable":true,"href":"https:\/\/blogdoedvaldomagalhaes.com.br\/index.php\/wp-json\/wp\/v2\/tags?post=91281"}],"curies":[{"name":"wp","href":"https:\/\/api.w.org\/{rel}","templated":true}]}}