{"id":91268,"date":"2022-12-28T10:53:10","date_gmt":"2022-12-28T13:53:10","guid":{"rendered":"https:\/\/blogdoedvaldomagalhaes.com.br\/?p=91268"},"modified":"2022-12-28T10:53:11","modified_gmt":"2022-12-28T13:53:11","slug":"professores-de-caruaru-recebem-salario-de-dezembro-e-ferias-nesta-quarta-28","status":"publish","type":"post","link":"https:\/\/blogdoedvaldomagalhaes.com.br\/index.php\/2022\/12\/28\/professores-de-caruaru-recebem-salario-de-dezembro-e-ferias-nesta-quarta-28\/","title":{"rendered":"Professores de Caruaru recebem sal\u00e1rio de dezembro e f\u00e9rias nesta quarta (28)"},"content":{"rendered":"<p style=\"text-align: justify;\"><span style=\"font-size: revert;\">A Prefeitura de Caruaru paga nesta quarta-feira (28.12), o sal\u00e1rio do m\u00eas de dezembro para todos os servidores e o 1\/3 das f\u00e9rias dos professores da rede municipal. Com estes valores somados ao pagamento da segunda parcela do 13\u00ba sal\u00e1rio, realizado no \u00faltimo dia 20, a prefeitura injeta mais de R$ 47 milh\u00f5es na economia da cidade, durante o m\u00eas de dezembro.<\/span><\/p>\n<p style=\"text-align: justify;\">Os valores pagos com o sal\u00e1rio e as f\u00e9rias ir\u00e3o impactar positivamente o com\u00e9rcio varejista de Caruaru nesta \u00faltima semana do m\u00eas, quando muitos est\u00e3o nos preparativos para o R\u00e9veillon, fazendo as \u00faltimas compras para o festejo.<\/p>\n<p style=\"text-align: justify;\">Siga o Instagram do Blog @blogdoedvaldomagalhaes<\/p>\n","protected":false},"excerpt":{"rendered":"<p>A Prefeitura de Caruaru paga nesta quarta-feira (28.12), o sal\u00e1rio do m\u00eas de dezembro para todos os servidores e o&hellip;<\/p>\n","protected":false},"author":1,"featured_media":91269,"comment_status":"closed","ping_status":"open","sticky":false,"template":"","format":"standard","meta":{"footnotes":""},"categories":[14120],"tags":[2,19532,3406,26386],"class_list":["post-91268","post","type-post","status-publish","format-standard","has-post-thumbnail","hentry","category-noticias","tag-blog-do-edvaldo-magalhaes","tag-blog-mais-acessado-e-visualizado-de-caruaru-e-regiao","tag-caruaru","tag-professores-de-caruaru-recebem-salario-de-dezembro-e-ferias-nesta-quarta-28"],"_links":{"self":[{"href":"https:\/\/blogdoedvaldomagalhaes.com.br\/index.php\/wp-json\/wp\/v2\/posts\/91268","targetHints":{"allow":["GET"]}}],"collection":[{"href":"https:\/\/blogdoedvaldomagalhaes.com.br\/index.php\/wp-json\/wp\/v2\/posts"}],"about":[{"href":"https:\/\/blogdoedvaldomagalhaes.com.br\/index.php\/wp-json\/wp\/v2\/types\/post"}],"author":[{"embeddable":true,"href":"https:\/\/blogdoedvaldomagalhaes.com.br\/index.php\/wp-json\/wp\/v2\/users\/1"}],"replies":[{"embeddable":true,"href":"https:\/\/blogdoedvaldomagalhaes.com.br\/index.php\/wp-json\/wp\/v2\/comments?post=91268"}],"version-history":[{"count":1,"href":"https:\/\/blogdoedvaldomagalhaes.com.br\/index.php\/wp-json\/wp\/v2\/posts\/91268\/revisions"}],"predecessor-version":[{"id":91270,"href":"https:\/\/blogdoedvaldomagalhaes.com.br\/index.php\/wp-json\/wp\/v2\/posts\/91268\/revisions\/91270"}],"wp:featuredmedia":[{"embeddable":true,"href":"https:\/\/blogdoedvaldomagalhaes.com.br\/index.php\/wp-json\/wp\/v2\/media\/91269"}],"wp:attachment":[{"href":"https:\/\/blogdoedvaldomagalhaes.com.br\/index.php\/wp-json\/wp\/v2\/media?parent=91268"}],"wp:term":[{"taxonomy":"category","embeddable":true,"href":"https:\/\/blogdoedvaldomagalhaes.com.br\/index.php\/wp-json\/wp\/v2\/categories?post=91268"},{"taxonomy":"post_tag","embeddable":true,"href":"https:\/\/blogdoedvaldomagalhaes.com.br\/index.php\/wp-json\/wp\/v2\/tags?post=91268"}],"curies":[{"name":"wp","href":"https:\/\/api.w.org\/{rel}","templated":true}]}}