{"id":91265,"date":"2022-12-28T09:45:16","date_gmt":"2022-12-28T12:45:16","guid":{"rendered":"https:\/\/blogdoedvaldomagalhaes.com.br\/?p=91265"},"modified":"2022-12-28T09:45:16","modified_gmt":"2022-12-28T12:45:16","slug":"aulao-da-virada-sera-realizado-em-caruaru-nesta-quinta-feira-29","status":"publish","type":"post","link":"https:\/\/blogdoedvaldomagalhaes.com.br\/index.php\/2022\/12\/28\/aulao-da-virada-sera-realizado-em-caruaru-nesta-quinta-feira-29\/","title":{"rendered":"Aul\u00e3o da Virada ser\u00e1 realizado em Caruaru nesta quinta-feira (29)"},"content":{"rendered":"<p style=\"text-align: justify;\"><span style=\"font-size: revert;\">A Ger\u00eancia de Esporte e Lazer, realiza nesta quinta-feira (29), o Aul\u00e3o da Virada. Pela primeira vez o evento ser\u00e1 realizado no Monte Bom Jesus, das 18h \u00e0s 20h.<\/span><\/p>\n<p style=\"text-align: justify;\">O aul\u00e3o da virada acontece todos os anos antecedendo as festas comemorativas de r\u00e9veillon, com o intuito de reunir os alunos dos diversos n\u00facleos que s\u00e3o atendidos pela ger\u00eancia e a popula\u00e7\u00e3o caruaruense, em um evento que incentiva a socializa\u00e7\u00e3o, motiva\u00e7\u00e3o e o lazer.<\/p>\n<p style=\"text-align: justify;\">\u201cEste ano a edi\u00e7\u00e3o promete ser um sucesso, pela primeira vez iremos realizar o evento no mirante do Monte Bom Jesus e esperamos que a sociedade participe. E para fazermos uma festa ainda mais bonita, todos devem ir vestindo branco, para comemorarmos a chegada do novo ano\u201d, afirmou o gerente de Esportes e Lazer, Cl\u00e1udio Soares.<\/p>\n<p style=\"text-align: justify;\">As atividades ser\u00e3o comandadas pelos professores da ger\u00eancia: Dan Waldorf, Ivete Vit\u00f3ria e Hilka Nogueira.<\/p>\n<p style=\"text-align: justify;\">Siga o Instagram do Blog @blogdoedvaldomagalhaes<\/p>\n","protected":false},"excerpt":{"rendered":"<p>A Ger\u00eancia de Esporte e Lazer, realiza nesta quinta-feira (29), o Aul\u00e3o da Virada. Pela primeira vez o evento ser\u00e1&hellip;<\/p>\n","protected":false},"author":1,"featured_media":91266,"comment_status":"closed","ping_status":"open","sticky":false,"template":"","format":"standard","meta":{"footnotes":""},"categories":[14120],"tags":[26385,2,19532,3406],"class_list":["post-91265","post","type-post","status-publish","format-standard","has-post-thumbnail","hentry","category-noticias","tag-aulao-da-virada-sera-realizado-em-caruaru-nesta-quinta-feira-29","tag-blog-do-edvaldo-magalhaes","tag-blog-mais-acessado-e-visualizado-de-caruaru-e-regiao","tag-caruaru"],"_links":{"self":[{"href":"https:\/\/blogdoedvaldomagalhaes.com.br\/index.php\/wp-json\/wp\/v2\/posts\/91265","targetHints":{"allow":["GET"]}}],"collection":[{"href":"https:\/\/blogdoedvaldomagalhaes.com.br\/index.php\/wp-json\/wp\/v2\/posts"}],"about":[{"href":"https:\/\/blogdoedvaldomagalhaes.com.br\/index.php\/wp-json\/wp\/v2\/types\/post"}],"author":[{"embeddable":true,"href":"https:\/\/blogdoedvaldomagalhaes.com.br\/index.php\/wp-json\/wp\/v2\/users\/1"}],"replies":[{"embeddable":true,"href":"https:\/\/blogdoedvaldomagalhaes.com.br\/index.php\/wp-json\/wp\/v2\/comments?post=91265"}],"version-history":[{"count":1,"href":"https:\/\/blogdoedvaldomagalhaes.com.br\/index.php\/wp-json\/wp\/v2\/posts\/91265\/revisions"}],"predecessor-version":[{"id":91267,"href":"https:\/\/blogdoedvaldomagalhaes.com.br\/index.php\/wp-json\/wp\/v2\/posts\/91265\/revisions\/91267"}],"wp:featuredmedia":[{"embeddable":true,"href":"https:\/\/blogdoedvaldomagalhaes.com.br\/index.php\/wp-json\/wp\/v2\/media\/91266"}],"wp:attachment":[{"href":"https:\/\/blogdoedvaldomagalhaes.com.br\/index.php\/wp-json\/wp\/v2\/media?parent=91265"}],"wp:term":[{"taxonomy":"category","embeddable":true,"href":"https:\/\/blogdoedvaldomagalhaes.com.br\/index.php\/wp-json\/wp\/v2\/categories?post=91265"},{"taxonomy":"post_tag","embeddable":true,"href":"https:\/\/blogdoedvaldomagalhaes.com.br\/index.php\/wp-json\/wp\/v2\/tags?post=91265"}],"curies":[{"name":"wp","href":"https:\/\/api.w.org\/{rel}","templated":true}]}}