{"id":9125,"date":"2016-07-03T22:48:00","date_gmt":"2016-07-04T01:48:00","guid":{"rendered":"http:\/\/blogdoedvaldomagalhaes.com.br\/index.php\/2016\/07\/03\/santa-cruz-perde-para-o-botafogo-rj-e\/"},"modified":"2019-02-09T00:46:16","modified_gmt":"2019-02-09T02:46:16","slug":"santa-cruz-perde-para-o-botafogo-rj-e","status":"publish","type":"post","link":"https:\/\/blogdoedvaldomagalhaes.com.br\/index.php\/2016\/07\/03\/santa-cruz-perde-para-o-botafogo-rj-e\/","title":{"rendered":"Santa Cruz perde para o Botafogo-RJ e se complica ainda mais na S\u00e9rie A"},"content":{"rendered":"<div class=\"separator\" style=\"clear: both; text-align: center;\">\n<a href=\"https:\/\/3.bp.blogspot.com\/-qtlfC1QvDyE\/V3mV0ZAUOfI\/AAAAAAAABh4\/mrQOHCF2gSESWiTrQhu-hUWH_tfhI-f2ACLcB\/s1600\/santa.jpg\" imageanchor=\"1\" style=\"margin-left: 1em; margin-right: 1em;\"><img loading=\"lazy\" decoding=\"async\" border=\"0\" height=\"266\" src=\"http:\/\/blogdoedvaldomagalhaes.com.br\/wp-content\/uploads\/2016\/07\/santa.jpg\" width=\"400\" \/><\/a><\/div>\n<div style=\"background-color: white; font-family: Aaux; font-size: 16px; line-height: 22px; margin-top: 10px; text-align: center;\">\nFoto: Vitor Silva\/Botafogo<\/div>\n<div style=\"background-color: white; font-size: 16px; line-height: 22px; margin-top: 10px; text-align: justify;\">\nA situa\u00e7\u00e3o do Santa Cruz s\u00f3 complica a cada jogo da S\u00e9rie A. Em Juiz de Fora\/MG, os corais sa\u00edram perdendo por 2 a 0 no primeiro tempo, melhoraram de rendimento na etapa final, mas n\u00e3o conseguiram evitar a derrota para o Botafogo\/RJ, neste domingo (3),&nbsp;pelo placar de 2 a 1, pela 13\u00aa rodada.&nbsp;O resultado amargo fora de casa foi o quinto rev\u00e9s seguido na competi\u00e7\u00e3o, mantendo o time na vice-lanterna da competi\u00e7\u00e3o.&nbsp;<\/div>\n<div style=\"background-color: white; font-size: 16px; line-height: 22px; margin-top: 10px; text-align: justify;\">\nCom seis desfalques, o t\u00e9cnico Milton Mendes surpreendeu na escala\u00e7\u00e3o e colocou quatro novidades. V\u00edtor, Walter Guimar\u00e3es, Marc\u00edlio e Fernando Gabriel entraram na equipe e sa\u00edram Arhur, Allan Vieira, Lel\u00ea e Keno. O time titular foi o seguinte: Tiago Cardoso; V\u00edtor, Walter Guimar\u00e3es, Danny Morais e Roberto; Uillian Correia, Marc\u00edlio, L\u00e9o Moura, Jo\u00e3o Paulo e Fernando Gabriel; Grafite.<\/div>\n<div style=\"background-color: white; font-size: 16px; line-height: 22px; margin-top: 10px; text-align: justify;\">\n<strong>GOLS &#8211;&nbsp;<\/strong>No primeiro minuto do jogo, Sass\u00e1 abriu o placar. Aos 17, &nbsp;Neilton fez 2&#215;0. Aos 3 minutos do segundo tempo, Jo\u00e3o Paulo diminuiu 2&#215;1.<\/div>\n<div style=\"background-color: white; font-size: 16px; line-height: 22px; margin-top: 10px; text-align: justify;\">\n<strong>CLASSIFICA\u00c7\u00c3O &#8211;&nbsp;<\/strong>H\u00e1 cinco jogo sem saber o que \u00e9 vencer, o Santa continua na 19\u00aa coloca\u00e7\u00e3o (vice-lanterna), com apenas 11 pontos conquistados em 13 jogos.<\/div>\n","protected":false},"excerpt":{"rendered":"<p>Foto: Vitor Silva\/Botafogo A situa\u00e7\u00e3o do Santa Cruz s\u00f3 complica a cada jogo da S\u00e9rie A. Em Juiz de Fora\/MG,&hellip;<\/p>\n","protected":false},"author":1,"featured_media":0,"comment_status":"open","ping_status":"open","sticky":false,"template":"","format":"standard","meta":{"footnotes":""},"categories":[1],"tags":[2,12703,3,5170,12854,12974,13793,525,13794],"class_list":["post-9125","post","type-post","status-publish","format-standard","hentry","category-sem-categoria","tag-blog-do-edvaldo-magalhaes","tag-botafogo-rj","tag-futebol","tag-joao-paulo","tag-juiz-de-fora","tag-milton-mendes","tag-neilton","tag-santa-cruz","tag-sassa"],"_links":{"self":[{"href":"https:\/\/blogdoedvaldomagalhaes.com.br\/index.php\/wp-json\/wp\/v2\/posts\/9125","targetHints":{"allow":["GET"]}}],"collection":[{"href":"https:\/\/blogdoedvaldomagalhaes.com.br\/index.php\/wp-json\/wp\/v2\/posts"}],"about":[{"href":"https:\/\/blogdoedvaldomagalhaes.com.br\/index.php\/wp-json\/wp\/v2\/types\/post"}],"author":[{"embeddable":true,"href":"https:\/\/blogdoedvaldomagalhaes.com.br\/index.php\/wp-json\/wp\/v2\/users\/1"}],"replies":[{"embeddable":true,"href":"https:\/\/blogdoedvaldomagalhaes.com.br\/index.php\/wp-json\/wp\/v2\/comments?post=9125"}],"version-history":[{"count":1,"href":"https:\/\/blogdoedvaldomagalhaes.com.br\/index.php\/wp-json\/wp\/v2\/posts\/9125\/revisions"}],"predecessor-version":[{"id":9927,"href":"https:\/\/blogdoedvaldomagalhaes.com.br\/index.php\/wp-json\/wp\/v2\/posts\/9125\/revisions\/9927"}],"wp:attachment":[{"href":"https:\/\/blogdoedvaldomagalhaes.com.br\/index.php\/wp-json\/wp\/v2\/media?parent=9125"}],"wp:term":[{"taxonomy":"category","embeddable":true,"href":"https:\/\/blogdoedvaldomagalhaes.com.br\/index.php\/wp-json\/wp\/v2\/categories?post=9125"},{"taxonomy":"post_tag","embeddable":true,"href":"https:\/\/blogdoedvaldomagalhaes.com.br\/index.php\/wp-json\/wp\/v2\/tags?post=9125"}],"curies":[{"name":"wp","href":"https:\/\/api.w.org\/{rel}","templated":true}]}}