{"id":9107,"date":"2016-07-05T11:25:00","date_gmt":"2016-07-05T14:25:00","guid":{"rendered":"http:\/\/blogdoedvaldomagalhaes.com.br\/index.php\/2016\/07\/05\/intercom-nordeste-tem-programacao\/"},"modified":"2019-02-09T00:46:28","modified_gmt":"2019-02-09T02:46:28","slug":"intercom-nordeste-tem-programacao","status":"publish","type":"post","link":"https:\/\/blogdoedvaldomagalhaes.com.br\/index.php\/2016\/07\/05\/intercom-nordeste-tem-programacao\/","title":{"rendered":"Saiba qual \u00e9 a programa\u00e7\u00e3o do Intercom Nordeste em Caruaru"},"content":{"rendered":"<div align=\"center\" style=\"background-color: white; font-family: Calibri, sans-serif; font-size: 11pt; margin: 0cm 0cm 0.0001pt; text-align: center;\">\n<\/div>\n<div class=\"separator\" style=\"clear: both; text-align: center;\">\n<a href=\"https:\/\/4.bp.blogspot.com\/-DHcMQ04djzc\/V3uZBuUfq6I\/AAAAAAAABmI\/mRgoUvqtoPQpkdcyOcHk3Gw6bcFvHuLIwCLcB\/s1600\/intercom.png\" imageanchor=\"1\" style=\"margin-left: 1em; margin-right: 1em;\"><img loading=\"lazy\" decoding=\"async\" border=\"0\" height=\"161\" src=\"http:\/\/blogdoedvaldomagalhaes.com.br\/wp-content\/uploads\/2016\/07\/intercom.png\" width=\"400\" \/><\/a><\/div>\n<div align=\"center\" style=\"background-color: white; font-family: Calibri, sans-serif; font-size: 11pt; margin: 0cm 0cm 0.0001pt; text-align: center;\">\n<\/div>\n<div style=\"background-color: white; font-family: Calibri, sans-serif; font-size: 11pt; margin: 0cm 0cm 0.0001pt; text-align: justify;\">\n<\/div>\n<div style=\"background-color: white; margin: 0cm 0cm 0.0001pt; text-align: justify;\">\nA 18\u00aa edi\u00e7\u00e3o do Congresso de Ci\u00eancias da Comunica\u00e7\u00e3o na Regi\u00e3o Nordeste -Intercom, que este ano ser\u00e1 realizado no Centro Universit\u00e1rio Vale do Ipojuca (DeVry | UNIFAVIP), em Caruaru, come\u00e7a nesta quinta (07) e vai at\u00e9 s\u00e1bado (09) e discutir\u00e1 a influ\u00eancia das inova\u00e7\u00f5es tecnol\u00f3gicas na forma\u00e7\u00e3o de jornalistas e publicit\u00e1rios, al\u00e9m dos desafios que trazem para a educa\u00e7\u00e3o.<\/div>\n<div style=\"background-color: white; margin: 0cm 0cm 0.0001pt; text-align: justify;\">\n<\/div>\n<div style=\"background-color: white; margin: 0cm 0cm 0.0001pt; text-align: justify;\">\nPara debater a proposta, o evento contar\u00e1 com a participa\u00e7\u00e3o de docentes, pesquisadores e profissionais de Comunica\u00e7\u00e3o de diversas cidades do Nordeste, al\u00e9m de representantes de inciativas que trabalham com informa\u00e7\u00e3o e tecnologia. Como nas edi\u00e7\u00f5es anteriores, o formato abrigar\u00e1 mesas-redondas e apresenta\u00e7\u00e3o de trabalhos cient\u00edficos da \u00e1rea&nbsp;(Intercom Jr.) e a mostra competitiva de trabalhos dos estudantes realizados ao longo do ano&nbsp;(Expocom),al\u00e9m do&nbsp;lan\u00e7amento de livros e uma programa\u00e7\u00e3o cultural. Na solenidade de abertura, p\u00f3s-doutora em Comunica\u00e7\u00e3o e professora da USP, Clotilde Perez.<\/div>\n<div style=\"background-color: white; font-family: Calibri, sans-serif; font-size: 11pt; margin: 0cm 0cm 0.0001pt; text-align: justify;\">\n<\/div>\n<div style=\"color: #333333; list-style: none; text-align: justify;\">\nNo primeiro dia de evento, \u00e0 tarde, a primeira mesa-redonda discutir\u00e1 &#8220;As Inova\u00e7\u00f5es tecnol\u00f3gicas e os desafios para a forma\u00e7\u00e3o do jornalista\u201d. Ainda na mesma tarde, a segunda mesa debater\u00e1 &#8220;As inova\u00e7\u00f5es tecnol\u00f3gicas e os desafios para a forma\u00e7\u00e3o do publicit\u00e1rio\u201d.<\/div>\n<div style=\"color: #333333; font-family: &quot;Open Sans&quot;, sans-serif; font-size: 15px; list-style: none; text-align: justify;\">\n<\/div>\n<div style=\"color: #333333; list-style: none; text-align: justify;\">\nNo segundo dia, pela manh\u00e3, haver\u00e1 a apresenta\u00e7\u00e3o de trabalhos que comp\u00f5em o Expocom, al\u00e9m da mesa-redonda &#8220;Educa\u00e7\u00e3o e Comunica\u00e7\u00e3o: interfaces e converg\u00eancias\u201d, \u00e1 noite, o evento contar\u00e1 com lan\u00e7amento de livros. O \u201cIntercom J\u00fanior\u201d ser\u00e1 na manh\u00e3 e tarde do \u00faltimo dia, s\u00e1bado (9), quando tamb\u00e9m acontece o \u00faltimo debate do evento &#8211; &#8220;As Inova\u00e7\u00f5es tecnol\u00f3gicas e os desafios para a educa\u00e7\u00e3o e a comunica\u00e7\u00e3o&#8221;.<\/div>\n<div style=\"color: #333333; font-family: &quot;Open Sans&quot;, sans-serif; font-size: 15px; list-style: none; text-align: justify;\">\n<\/div>\n<div style=\"color: #333333; font-size: 15px; list-style: none; text-align: justify;\">\nO evento se encerra \u00e0s 18h, com a tradicional solenidade e entrega da premia\u00e7\u00e3o do Expocom 2016, que elege os melhores trabalhos e iniciativas desenvolvidos por alunos de Comunica\u00e7\u00e3o ao longo do \u00faltimo ano. Mais informa\u00e7\u00f5es no www.unifavip.edu.br ou www.intercomnordeste2016.com.br.<\/div>\n","protected":false},"excerpt":{"rendered":"<p>A 18\u00aa edi\u00e7\u00e3o do Congresso de Ci\u00eancias da Comunica\u00e7\u00e3o na Regi\u00e3o Nordeste -Intercom, que este ano ser\u00e1 realizado no Centro&hellip;<\/p>\n","protected":false},"author":1,"featured_media":0,"comment_status":"open","ping_status":"open","sticky":false,"template":"","format":"standard","meta":{"footnotes":""},"categories":[1],"tags":[2,13759,13760,1950,1520],"class_list":["post-9107","post","type-post","status-publish","format-standard","hentry","category-sem-categoria","tag-blog-do-edvaldo-magalhaes","tag-devry","tag-intercom-nordeste","tag-noticias-de-caruaru","tag-unifavip"],"_links":{"self":[{"href":"https:\/\/blogdoedvaldomagalhaes.com.br\/index.php\/wp-json\/wp\/v2\/posts\/9107","targetHints":{"allow":["GET"]}}],"collection":[{"href":"https:\/\/blogdoedvaldomagalhaes.com.br\/index.php\/wp-json\/wp\/v2\/posts"}],"about":[{"href":"https:\/\/blogdoedvaldomagalhaes.com.br\/index.php\/wp-json\/wp\/v2\/types\/post"}],"author":[{"embeddable":true,"href":"https:\/\/blogdoedvaldomagalhaes.com.br\/index.php\/wp-json\/wp\/v2\/users\/1"}],"replies":[{"embeddable":true,"href":"https:\/\/blogdoedvaldomagalhaes.com.br\/index.php\/wp-json\/wp\/v2\/comments?post=9107"}],"version-history":[{"count":1,"href":"https:\/\/blogdoedvaldomagalhaes.com.br\/index.php\/wp-json\/wp\/v2\/posts\/9107\/revisions"}],"predecessor-version":[{"id":9964,"href":"https:\/\/blogdoedvaldomagalhaes.com.br\/index.php\/wp-json\/wp\/v2\/posts\/9107\/revisions\/9964"}],"wp:attachment":[{"href":"https:\/\/blogdoedvaldomagalhaes.com.br\/index.php\/wp-json\/wp\/v2\/media?parent=9107"}],"wp:term":[{"taxonomy":"category","embeddable":true,"href":"https:\/\/blogdoedvaldomagalhaes.com.br\/index.php\/wp-json\/wp\/v2\/categories?post=9107"},{"taxonomy":"post_tag","embeddable":true,"href":"https:\/\/blogdoedvaldomagalhaes.com.br\/index.php\/wp-json\/wp\/v2\/tags?post=9107"}],"curies":[{"name":"wp","href":"https:\/\/api.w.org\/{rel}","templated":true}]}}