{"id":9106,"date":"2016-07-05T16:06:00","date_gmt":"2016-07-05T19:06:00","guid":{"rendered":"http:\/\/blogdoedvaldomagalhaes.com.br\/index.php\/2016\/07\/05\/prefeitura-de-caruaru-deve-r-6-milhoes\/"},"modified":"2019-02-09T00:46:29","modified_gmt":"2019-02-09T02:46:29","slug":"prefeitura-de-caruaru-deve-r-6-milhoes","status":"publish","type":"post","link":"https:\/\/blogdoedvaldomagalhaes.com.br\/index.php\/2016\/07\/05\/prefeitura-de-caruaru-deve-r-6-milhoes\/","title":{"rendered":"Prefeitura de Caruaru deve R$ 6 milh\u00f5es de reais ao Ecad"},"content":{"rendered":"<div class=\"separator\" style=\"clear: both; text-align: center;\">\n<a href=\"https:\/\/1.bp.blogspot.com\/-Nvle7LrpeT4\/V3vaI1SnD8I\/AAAAAAAABmc\/wPI44PImwvA7D0GqaUu_ypuLrnQlm1g8gCLcB\/s1600\/s%25C3%25A3o%2Bjo%25C3%25A3o.jpg\" imageanchor=\"1\" style=\"margin-left: 1em; margin-right: 1em;\"><img loading=\"lazy\" decoding=\"async\" border=\"0\" height=\"240\" src=\"http:\/\/blogdoedvaldomagalhaes.com.br\/wp-content\/uploads\/2016\/07\/sC3A3ojoC3A3o.jpg\" width=\"400\" \/><\/a><\/div>\n<div style=\"background-color: white; box-sizing: border-box; color: #222222; font-size: 15px; line-height: 26px; margin-bottom: 26px; text-align: justify;\">\n<\/div>\n<div style=\"background-color: white; box-sizing: border-box; color: #222222; font-size: 15px; line-height: 26px; margin-bottom: 26px; text-align: justify;\">\nA Prefeitura de Caruaru, n\u00e3o paga os direitos autorais das m\u00fasicas tocadas durante o S\u00e3o Jo\u00e3o h\u00e1 12 anos. A informa\u00e7\u00e3o foi divulgada pelo Escrit\u00f3rio Central de Arrecada\u00e7\u00e3o e Distribui\u00e7\u00e3o (Ecad). De acordo com o \u00f3rg\u00e3o, o governo municipal deve R$ 500 mil por ano \u2013 totalizando R$ 6 milh\u00f5es em d\u00edvidas nos \u00faltimos 12 anos.<\/div>\n<div style=\"background-color: white; box-sizing: border-box; color: #222222; font-size: 15px; line-height: 26px; margin-bottom: 26px; text-align: justify;\">\nA Prefeitura de Caruaru informou que \u201ca Funda\u00e7\u00e3o de Cultura j\u00e1 acionou a Justi\u00e7a em rela\u00e7\u00e3o ao Ecad\u201d.<\/div>\n<div style=\"background-color: white; box-sizing: border-box; color: #222222; font-size: 15px; line-height: 26px; margin-bottom: 26px;\">\n<\/div>\n<div style=\"text-align: justify;\">\nSegundo o Ecad, o \u00f3rg\u00e3o \u201ch\u00e1 anos tenta negociar a d\u00edvida\u201d que existe desde o ano de 2004. O c\u00e1lculo do valor da retribui\u00e7\u00e3o autoral para eventos desta natureza \u00e9 de 10% sobre o investimento realizado em torno da atra\u00e7\u00e3o musical, conforme informou o Ecad. \u201cPortanto, de acordo com as informa\u00e7\u00f5es que constam no Portal da Transpar\u00eancia sobre os cach\u00eas pagos aos artistas dos \u00faltimos dois anos (2015 e 2016), o valor estimado da retribui\u00e7\u00e3o autoral seria de, aproximadamente, R$ 500 mil por ano\u201d, destacou o Escrit\u00f3rio Central.<\/div>\n<div style=\"text-align: justify;\">\n<\/div>\n<div style=\"text-align: justify;\">\nPara garantir o direito dos criadores e a integridade das obras art\u00edsticas foi criada a lei de Direitos Autorais, \u201cpor meio da qual o autor tem assegurado o direito de utilizar, fruir e dispor de sua obra, bem como autorizar ou proibir a sua utiliza\u00e7\u00e3o por terceiros. Quem utiliza m\u00fasicas em locais p\u00fablicos, independentemente de haver lucro ou n\u00e3o, deve pagar direitos autorais. Este direito \u00e9 garantido a todo criador\u201d, informou o Ecad.<\/div>\n<div style=\"text-align: justify;\">\n<\/div>\n<div style=\"text-align: justify;\">\nEm 2015, o Ecad distribuiu R$ 771,7 milh\u00f5es a 155.399 titulares de m\u00fasica (compositores, int\u00e9rpretes, m\u00fasicos, editores e produtores fonogr\u00e1ficos) e associa\u00e7\u00f5es. No segmento de \u201cFestas Juninas\u201d, o Ecad distribuiu R$ 5,3 milh\u00f5es para 13.205 artistas e associa\u00e7\u00f5es no mesmo ano.<\/div>\n<div style=\"text-align: justify;\">\nRanking das m\u00fasicas mais executadas nos shows do S\u00e3o Jo\u00e3o em 2015, segundo o Ecad:<\/div>\n<div style=\"text-align: justify;\">\nMaus bocados (Gerson Gabriel\/Rafael\/Bruno Varaj\u00e3o)<\/div>\n<div style=\"text-align: justify;\">\nNocaute (Samuel Deolli\/Andre Vox)<\/div>\n<div style=\"text-align: justify;\">\nPorque homem n\u00e3o chora (Ronny Dos Teclados)<\/div>\n<div style=\"text-align: justify;\">\nN\u00e3o t\u00f4 valendo nada (Henrique Tavares\/Juliano)<\/div>\n<div style=\"text-align: justify;\">\nAt\u00e9 voc\u00ea voltar (Juliano Tchula\/Mar\u00edlia Mendon\u00e7a)<\/div>\n<div style=\"text-align: justify;\">\nSu\u00edte 14 (Maur\u00edcio Mello)<\/div>\n<div style=\"text-align: justify;\">\nJeito Carinhoso (All\u00ea Barbosa)<\/div>\n<div style=\"text-align: justify;\">\nVai vendo (Magno Santanna\/Tierry Coringa\/Flavinho Do Kadet\/Lucas Lucco)<\/div>\n<div style=\"text-align: justify;\">\nAssiste a\u00ed de camarote (Barros Neto\/Jota Reis)<\/div>\n<div style=\"text-align: justify;\">\nCalma (\u00c9lcio Di Carvalho\/Gustavo\/Mar\u00edlia Mendon\u00e7a\/Fred Willian)<\/div>\n<div style=\"text-align: justify;\">\nFui fiel (F\u00e1bio O\u2019brian\/Pablo\/Magno Santanna\/Filipe Escandurras)<\/div>\n<div style=\"text-align: justify;\">\nAsa branca (Humberto Teixeira\/Gonzag\u00e3o)<\/div>\n<div style=\"text-align: justify;\">\nFa\u00e7a ela feliz (Juliano Tchula\/Maraisa\/Mar\u00edlia Mendon\u00e7a\/Daniel Rangel)<\/div>\n<div style=\"text-align: justify;\">\nLogo eu (Samuel Deolli\/Filipe Labret)<\/div>\n<div style=\"text-align: justify;\">\nAquele gelo que voc\u00ea me deu (Barros Neto\/Raniere Mazilli\/Jota Reis)<\/div>\n<div style=\"text-align: justify;\">\nEu s\u00f3 quero um xod\u00f3 (Anast\u00e1cia\/Dominguinhos)<\/div>\n<div style=\"text-align: justify;\">\nNuma sala de reboco (Jos\u00e9 Marcolino\/Gonzag\u00e3o)<\/div>\n<div style=\"text-align: justify;\">\nC\u00ea que sabe (Dudu Borges\/Rafael\/Kaua\/Pedro Netto)<\/div>\n<div style=\"text-align: justify;\">\nDomingo de manh\u00e3 (Bruno Caliman)<\/div>\n<div style=\"text-align: justify;\">\nO xote das meninas (Z\u00e9 Dantas\/Gonzag\u00e3o)<\/div>\n<div style=\"text-align: justify;\">\n<\/div>\n<div style=\"text-align: justify;\">\nFonte: G1<\/div>\n","protected":false},"excerpt":{"rendered":"<p>A Prefeitura de Caruaru, n\u00e3o paga os direitos autorais das m\u00fasicas tocadas durante o S\u00e3o Jo\u00e3o h\u00e1 12 anos. A&hellip;<\/p>\n","protected":false},"author":1,"featured_media":0,"comment_status":"open","ping_status":"open","sticky":false,"template":"","format":"standard","meta":{"footnotes":""},"categories":[1],"tags":[2,13758,4868,1950,141,6222],"class_list":["post-9106","post","type-post","status-publish","format-standard","hentry","category-sem-categoria","tag-blog-do-edvaldo-magalhaes","tag-ecad","tag-fundacao-de-cultura-e-turismo","tag-noticias-de-caruaru","tag-prefeitura-de-caruaru","tag-sao-joao-de-caruaru"],"_links":{"self":[{"href":"https:\/\/blogdoedvaldomagalhaes.com.br\/index.php\/wp-json\/wp\/v2\/posts\/9106","targetHints":{"allow":["GET"]}}],"collection":[{"href":"https:\/\/blogdoedvaldomagalhaes.com.br\/index.php\/wp-json\/wp\/v2\/posts"}],"about":[{"href":"https:\/\/blogdoedvaldomagalhaes.com.br\/index.php\/wp-json\/wp\/v2\/types\/post"}],"author":[{"embeddable":true,"href":"https:\/\/blogdoedvaldomagalhaes.com.br\/index.php\/wp-json\/wp\/v2\/users\/1"}],"replies":[{"embeddable":true,"href":"https:\/\/blogdoedvaldomagalhaes.com.br\/index.php\/wp-json\/wp\/v2\/comments?post=9106"}],"version-history":[{"count":1,"href":"https:\/\/blogdoedvaldomagalhaes.com.br\/index.php\/wp-json\/wp\/v2\/posts\/9106\/revisions"}],"predecessor-version":[{"id":9966,"href":"https:\/\/blogdoedvaldomagalhaes.com.br\/index.php\/wp-json\/wp\/v2\/posts\/9106\/revisions\/9966"}],"wp:attachment":[{"href":"https:\/\/blogdoedvaldomagalhaes.com.br\/index.php\/wp-json\/wp\/v2\/media?parent=9106"}],"wp:term":[{"taxonomy":"category","embeddable":true,"href":"https:\/\/blogdoedvaldomagalhaes.com.br\/index.php\/wp-json\/wp\/v2\/categories?post=9106"},{"taxonomy":"post_tag","embeddable":true,"href":"https:\/\/blogdoedvaldomagalhaes.com.br\/index.php\/wp-json\/wp\/v2\/tags?post=9106"}],"curies":[{"name":"wp","href":"https:\/\/api.w.org\/{rel}","templated":true}]}}