{"id":910,"date":"2018-10-24T23:05:00","date_gmt":"2018-10-25T01:05:00","guid":{"rendered":"http:\/\/blogdoedvaldomagalhaes.com.br\/index.php\/2018\/10\/24\/seguranca-de-loja-e-morto-tiros-no\/"},"modified":"2019-02-09T02:36:40","modified_gmt":"2019-02-09T04:36:40","slug":"seguranca-de-loja-e-morto-tiros-no","status":"publish","type":"post","link":"https:\/\/blogdoedvaldomagalhaes.com.br\/index.php\/2018\/10\/24\/seguranca-de-loja-e-morto-tiros-no\/","title":{"rendered":"Seguran\u00e7a de loja \u00e9 morto a tiros no centro de Brejo da Madre de Deus"},"content":{"rendered":"<div class=\"separator\" style=\"clear: both; text-align: center;\">\n<a href=\"https:\/\/3.bp.blogspot.com\/-qc1SGu114kM\/W9D5fzWkXtI\/AAAAAAAA8Ts\/4q3D1Z2egl4End7CzLGwUA1_3--Y3gO0QCLcBGAs\/s1600\/kalebe.jpg\" imageanchor=\"1\" style=\"margin-left: 1em; margin-right: 1em;\"><img loading=\"lazy\" decoding=\"async\" border=\"0\" data-original-height=\"480\" data-original-width=\"640\" height=\"480\" src=\"http:\/\/blogdoedvaldomagalhaes.com.br\/wp-content\/uploads\/2018\/10\/kalebe.jpg\" width=\"640\" \/><\/a><\/div>\n<div style=\"text-align: justify;\">\n<\/div>\n<div style=\"text-align: justify;\">\nO seguran\u00e7a de loja conhecido por Pita, foi assassinado por disparos de arma de fogo, na avenida Cleto Campelo, no centro de cidade de Brejo da Madre de Deus, na noite desta quarta-feira (24 ). A v\u00edtima foi Messias Calixto da Silva, conhecido por Pita, de 48 anos, que estava em uma cal\u00e7ada, fazendo seguran\u00e7a de uma loja, quando dois indiv\u00edduos se aproximaram e um dele com arma em punho disparou tr\u00eas tiros contra a v\u00edtima, que faleceu no local. Segundo informa\u00e7\u00f5es, &#8220;Pita&#8221; era acusado de ter cometido um homic\u00eddio h\u00e1 15 anos, ap\u00f3s&nbsp; uma discuss\u00e3o em um estabelecimento comercial. Familiares de &#8220;Pita&#8221; contaram que o mesmo estava estranho ultimamente e planejava ir embora para S\u00e3o Paulo&nbsp; ap\u00f3s&nbsp; as elei\u00e7\u00f5es.&nbsp;<\/p>\n<\/div>\n<div style=\"text-align: justify;\">\n<div style=\"background-color: white; color: #1d2129; font-family: Helvetica, Arial, sans-serif; font-size: 14px; margin-bottom: 6px; margin-top: 6px; text-align: start;\">\n&nbsp;O corpo foi encaminhado para o IML de Caruaru. Ainda n\u00e3o se sabe o motivo do crime nem a autoria.<\/div>\n<\/div>\n<div style=\"text-align: justify;\">\n<\/div>\n<div style=\"text-align: justify;\">\nFoto e informa\u00e7\u00f5es de Kalebe Pereira.<\/div>\n<div style=\"text-align: justify;\">\n<\/div>\n","protected":false},"excerpt":{"rendered":"<p>O seguran\u00e7a de loja conhecido por Pita, foi assassinado por disparos de arma de fogo, na avenida Cleto Campelo, no&hellip;<\/p>\n","protected":false},"author":1,"featured_media":0,"comment_status":"open","ping_status":"open","sticky":false,"template":"","format":"standard","meta":{"footnotes":""},"categories":[1],"tags":[2,13,860],"class_list":["post-910","post","type-post","status-publish","format-standard","hentry","category-sem-categoria","tag-blog-do-edvaldo-magalhaes","tag-policial","tag-seguranca-de-loja-e-morto-a-tiros-no-centro-de-brejo-da-madre-de-deus"],"_links":{"self":[{"href":"https:\/\/blogdoedvaldomagalhaes.com.br\/index.php\/wp-json\/wp\/v2\/posts\/910","targetHints":{"allow":["GET"]}}],"collection":[{"href":"https:\/\/blogdoedvaldomagalhaes.com.br\/index.php\/wp-json\/wp\/v2\/posts"}],"about":[{"href":"https:\/\/blogdoedvaldomagalhaes.com.br\/index.php\/wp-json\/wp\/v2\/types\/post"}],"author":[{"embeddable":true,"href":"https:\/\/blogdoedvaldomagalhaes.com.br\/index.php\/wp-json\/wp\/v2\/users\/1"}],"replies":[{"embeddable":true,"href":"https:\/\/blogdoedvaldomagalhaes.com.br\/index.php\/wp-json\/wp\/v2\/comments?post=910"}],"version-history":[{"count":1,"href":"https:\/\/blogdoedvaldomagalhaes.com.br\/index.php\/wp-json\/wp\/v2\/posts\/910\/revisions"}],"predecessor-version":[{"id":35221,"href":"https:\/\/blogdoedvaldomagalhaes.com.br\/index.php\/wp-json\/wp\/v2\/posts\/910\/revisions\/35221"}],"wp:attachment":[{"href":"https:\/\/blogdoedvaldomagalhaes.com.br\/index.php\/wp-json\/wp\/v2\/media?parent=910"}],"wp:term":[{"taxonomy":"category","embeddable":true,"href":"https:\/\/blogdoedvaldomagalhaes.com.br\/index.php\/wp-json\/wp\/v2\/categories?post=910"},{"taxonomy":"post_tag","embeddable":true,"href":"https:\/\/blogdoedvaldomagalhaes.com.br\/index.php\/wp-json\/wp\/v2\/tags?post=910"}],"curies":[{"name":"wp","href":"https:\/\/api.w.org\/{rel}","templated":true}]}}