{"id":9098,"date":"2016-07-06T11:15:00","date_gmt":"2016-07-06T14:15:00","guid":{"rendered":"http:\/\/blogdoedvaldomagalhaes.com.br\/index.php\/2016\/07\/06\/caravana-em-favor-de-dilma-estara-e\/"},"modified":"2019-02-09T00:46:33","modified_gmt":"2019-02-09T02:46:33","slug":"caravana-em-favor-de-dilma-estara-e","status":"publish","type":"post","link":"https:\/\/blogdoedvaldomagalhaes.com.br\/index.php\/2016\/07\/06\/caravana-em-favor-de-dilma-estara-e\/","title":{"rendered":"Caravana em favor de Dilma estar\u00e1 em Caruaru e Lula deve comparecer"},"content":{"rendered":"<div class=\"separator\" style=\"clear: both; text-align: center;\">\n<a href=\"https:\/\/2.bp.blogspot.com\/-NL-jT7eLT14\/V3zoB5R3wxI\/AAAAAAAABpI\/CYmuhNxoWm8r9WU3OiLlyONuh50gJYIGgCLcB\/s1600\/lula.jpg\" imageanchor=\"1\" style=\"margin-left: 1em; margin-right: 1em;\"><img loading=\"lazy\" decoding=\"async\" border=\"0\" height=\"266\" src=\"http:\/\/blogdoedvaldomagalhaes.com.br\/wp-content\/uploads\/2016\/07\/lula.jpg\" width=\"400\" \/><\/a><\/div>\n<div style=\"background-color: white; border: 0px; color: #4b4b4b; font-size: 16px; line-height: 25.6px; margin-bottom: 1.5em; outline: 0px; padding: 0px; text-align: justify; vertical-align: baseline;\">\n<\/div>\n<div style=\"background-color: white; border: 0px; color: #4b4b4b; font-size: 16px; line-height: 25.6px; margin-bottom: 1.5em; outline: 0px; padding: 0px; text-align: justify; vertical-align: baseline;\">\nA Caravana Popular em Defesa da Democracia, que ir\u00e1 passar por 12 munic\u00edpios pernambucanos para fazer a defesa do mandato da presidente Dilma Rousseff, est\u00e1 hoje na cidade de Salgueiro, sert\u00e3o pernambucano.<\/div>\n<div style=\"background-color: white; border: 0px; color: #4b4b4b; font-size: 16px; line-height: 25.6px; margin-bottom: 1.5em; outline: 0px; padding: 0px; text-align: justify; vertical-align: baseline;\">\nPara os integrantes da caravana, o governo Michel Temer, al\u00e9m de \u201cileg\u00edtimo\u201d, planeja fundir o BNB com a Sudene, o que colocaria em risco o Programa Nacional de Fortalecimento da Agricultura Familiar (Pronaf) e amea\u00e7aria o emprego de muitos trabalhadores.<\/div>\n<div style=\"background-color: white; border: 0px; color: #4b4b4b; font-size: 16px; line-height: 25.6px; margin-bottom: 1.5em; outline: 0px; padding: 0px; text-align: justify; vertical-align: baseline;\">\nA caravana estar\u00e1 em Caruaru na pr\u00f3xima semana e deve contar com a presen\u00e7a do ex-presidente Luiz In\u00e1cio Lula da Silva. Veja a rela\u00e7\u00e3o dos munic\u00edpios onde a carava passar\u00e1:<\/div>\n<div style=\"background-color: white; border: 0px; color: #4b4b4b; font-size: 16px; line-height: 25.6px; margin-bottom: 1.5em; outline: 0px; padding: 0px; vertical-align: baseline;\">\n<\/div>\n<div style=\"text-align: justify;\">\n07\/07 \u2013 Petrol\u00e2ndia<\/div>\n<div style=\"text-align: justify;\">\n08\/07 \u2013 Serra Talhada<\/div>\n<div style=\"text-align: justify;\">\n09\/07 \u2013 Afogados da Ingazeira<\/div>\n<div style=\"text-align: justify;\">\n10\/07 \u2013 Arcoverde<\/div>\n<div style=\"text-align: justify;\">\n11\/07 \u2013 Garanhuns e Petrolina (Ato Semi\u00e1rido contra o Golpe)<\/div>\n<div style=\"text-align: justify;\">\n12\/07 \u2013 Surubim e Palmares<\/div>\n<div style=\"text-align: justify;\">\n13\/07 \u2013 Caruaru<\/div>\n<div style=\"text-align: justify;\">\n13\/07 \u2013 Recife.<\/div>\n","protected":false},"excerpt":{"rendered":"<p>A Caravana Popular em Defesa da Democracia, que ir\u00e1 passar por 12 munic\u00edpios pernambucanos para fazer a defesa do mandato&hellip;<\/p>\n","protected":false},"author":1,"featured_media":0,"comment_status":"open","ping_status":"open","sticky":false,"template":"","format":"standard","meta":{"footnotes":""},"categories":[1],"tags":[6039,2,13744,3406,13514,12075,7036,5381,13745,20,13746,3983,3337,3630,2895],"class_list":["post-9098","post","type-post","status-publish","format-standard","hentry","category-sem-categoria","tag-arcoverde","tag-blog-do-edvaldo-magalhaes","tag-caravana-popular-em-defesa-da-democracia","tag-caruaru","tag-dilma-rousseflf","tag-lula","tag-michel-temer","tag-palmares","tag-petrolancia","tag-politica","tag-pronaf","tag-recife","tag-salgueiro","tag-serra-talhada","tag-surubim"],"_links":{"self":[{"href":"https:\/\/blogdoedvaldomagalhaes.com.br\/index.php\/wp-json\/wp\/v2\/posts\/9098","targetHints":{"allow":["GET"]}}],"collection":[{"href":"https:\/\/blogdoedvaldomagalhaes.com.br\/index.php\/wp-json\/wp\/v2\/posts"}],"about":[{"href":"https:\/\/blogdoedvaldomagalhaes.com.br\/index.php\/wp-json\/wp\/v2\/types\/post"}],"author":[{"embeddable":true,"href":"https:\/\/blogdoedvaldomagalhaes.com.br\/index.php\/wp-json\/wp\/v2\/users\/1"}],"replies":[{"embeddable":true,"href":"https:\/\/blogdoedvaldomagalhaes.com.br\/index.php\/wp-json\/wp\/v2\/comments?post=9098"}],"version-history":[{"count":1,"href":"https:\/\/blogdoedvaldomagalhaes.com.br\/index.php\/wp-json\/wp\/v2\/posts\/9098\/revisions"}],"predecessor-version":[{"id":9987,"href":"https:\/\/blogdoedvaldomagalhaes.com.br\/index.php\/wp-json\/wp\/v2\/posts\/9098\/revisions\/9987"}],"wp:attachment":[{"href":"https:\/\/blogdoedvaldomagalhaes.com.br\/index.php\/wp-json\/wp\/v2\/media?parent=9098"}],"wp:term":[{"taxonomy":"category","embeddable":true,"href":"https:\/\/blogdoedvaldomagalhaes.com.br\/index.php\/wp-json\/wp\/v2\/categories?post=9098"},{"taxonomy":"post_tag","embeddable":true,"href":"https:\/\/blogdoedvaldomagalhaes.com.br\/index.php\/wp-json\/wp\/v2\/tags?post=9098"}],"curies":[{"name":"wp","href":"https:\/\/api.w.org\/{rel}","templated":true}]}}