{"id":90931,"date":"2022-12-16T18:42:58","date_gmt":"2022-12-16T21:42:58","guid":{"rendered":"https:\/\/blogdoedvaldomagalhaes.com.br\/?p=90931"},"modified":"2022-12-16T18:42:59","modified_gmt":"2022-12-16T21:42:59","slug":"teste-de-covid-19-volta-a-funcionar-de-segunda-a-sexta-feira-em-caruaru","status":"publish","type":"post","link":"https:\/\/blogdoedvaldomagalhaes.com.br\/index.php\/2022\/12\/16\/teste-de-covid-19-volta-a-funcionar-de-segunda-a-sexta-feira-em-caruaru\/","title":{"rendered":"Teste de covid-19 volta a funcionar de segunda a sexta-feira em Caruaru"},"content":{"rendered":"<p style=\"text-align: justify;\"><span style=\"color: initial; font-size: revert;\">Com os n\u00fameros da Covid-19 em redu\u00e7\u00e3o no munic\u00edpio, o Centro Municipal de Testagem para Covid-19 (CTM) voltar\u00e1 a funcionar de segunda a sexta-feira, das 8h \u00e0s 16h, sem agendamento, a partir desta segunda-feira(18). Nesse s\u00e1bado, o CTM funcionar\u00e1 normalmente. J\u00e1 no domingo, ser\u00e1 fechado.<\/span><\/p>\n<p style=\"text-align: justify;\">A amplia\u00e7\u00e3o tempor\u00e1ria de funcionamento durante os finais de semana se deu pela necessidade de aumentar o monitoramento dos casos positivos durante o pico da nova onda, que durou quatro semanas. Atualmente, a procura pela testagem diminuiu consideravelmente. Por isso,<\/p>\n<p style=\"text-align: justify;\">No per\u00edodo de alta de casos, a taxa de positiva\u00e7\u00e3o para Covid-19 atingiu 31% , com m\u00e9dia m\u00f3vel de 170 casos di\u00e1rios. No monitoramento realizado esta semana, a taxa de positiva\u00e7\u00e3o ficou abaixo dos 20%, alcan\u00e7ando 14% de positiva\u00e7\u00e3o e com m\u00e9dia m\u00f3vel de 64 casos.<\/p>\n<p style=\"text-align: justify;\">\u201cApesar dos n\u00fameros estarem reduzindo, \u00e9 preciso manter a vigil\u00e2ncia quanto aos cuidados com a propaga\u00e7\u00e3o do v\u00edrus. Por isso, v\u00e1rias medidas preventivas est\u00e3o sendo adotadas no munic\u00edpio como obrigatoriedade do uso de m\u00e1scaras nas unidades de sa\u00fade, amplia\u00e7\u00e3o da vacina\u00e7\u00e3o, testagem nas UBS e no CTM, limita\u00e7\u00e3o de acompanhantes nas Unidades de Pronto Atendimento, entre outras a\u00e7\u00f5es que visam controlar a dissemina\u00e7\u00e3o da doen\u00e7a\u201d, explicou a gerente geral de Vigil\u00e2ncia em Sa\u00fade, Let\u00edcia Galv\u00e3o. Foto: Divulga\u00e7\u00e3o.<\/p>\n<p style=\"text-align: justify;\">Siga o Instagram do Blog @blogdoedvaldomagalhaes<\/p>\n","protected":false},"excerpt":{"rendered":"<p>Com os n\u00fameros da Covid-19 em redu\u00e7\u00e3o no munic\u00edpio, o Centro Municipal de Testagem para Covid-19 (CTM) voltar\u00e1 a funcionar&hellip;<\/p>\n","protected":false},"author":1,"featured_media":90932,"comment_status":"closed","ping_status":"open","sticky":false,"template":"","format":"standard","meta":{"footnotes":""},"categories":[14120],"tags":[2,19532,3406,26325],"class_list":["post-90931","post","type-post","status-publish","format-standard","has-post-thumbnail","hentry","category-noticias","tag-blog-do-edvaldo-magalhaes","tag-blog-mais-acessado-e-visualizado-de-caruaru-e-regiao","tag-caruaru","tag-teste-de-covid-19-volta-a-funcionar-de-segunda-a-sexta-feira-em-caruaru"],"_links":{"self":[{"href":"https:\/\/blogdoedvaldomagalhaes.com.br\/index.php\/wp-json\/wp\/v2\/posts\/90931","targetHints":{"allow":["GET"]}}],"collection":[{"href":"https:\/\/blogdoedvaldomagalhaes.com.br\/index.php\/wp-json\/wp\/v2\/posts"}],"about":[{"href":"https:\/\/blogdoedvaldomagalhaes.com.br\/index.php\/wp-json\/wp\/v2\/types\/post"}],"author":[{"embeddable":true,"href":"https:\/\/blogdoedvaldomagalhaes.com.br\/index.php\/wp-json\/wp\/v2\/users\/1"}],"replies":[{"embeddable":true,"href":"https:\/\/blogdoedvaldomagalhaes.com.br\/index.php\/wp-json\/wp\/v2\/comments?post=90931"}],"version-history":[{"count":1,"href":"https:\/\/blogdoedvaldomagalhaes.com.br\/index.php\/wp-json\/wp\/v2\/posts\/90931\/revisions"}],"predecessor-version":[{"id":90933,"href":"https:\/\/blogdoedvaldomagalhaes.com.br\/index.php\/wp-json\/wp\/v2\/posts\/90931\/revisions\/90933"}],"wp:featuredmedia":[{"embeddable":true,"href":"https:\/\/blogdoedvaldomagalhaes.com.br\/index.php\/wp-json\/wp\/v2\/media\/90932"}],"wp:attachment":[{"href":"https:\/\/blogdoedvaldomagalhaes.com.br\/index.php\/wp-json\/wp\/v2\/media?parent=90931"}],"wp:term":[{"taxonomy":"category","embeddable":true,"href":"https:\/\/blogdoedvaldomagalhaes.com.br\/index.php\/wp-json\/wp\/v2\/categories?post=90931"},{"taxonomy":"post_tag","embeddable":true,"href":"https:\/\/blogdoedvaldomagalhaes.com.br\/index.php\/wp-json\/wp\/v2\/tags?post=90931"}],"curies":[{"name":"wp","href":"https:\/\/api.w.org\/{rel}","templated":true}]}}