{"id":90925,"date":"2022-12-16T09:24:51","date_gmt":"2022-12-16T12:24:51","guid":{"rendered":"https:\/\/blogdoedvaldomagalhaes.com.br\/?p=90925"},"modified":"2022-12-16T09:24:52","modified_gmt":"2022-12-16T12:24:52","slug":"vereador-e-assassinado-na-zona-rural-de-cachoeirinha","status":"publish","type":"post","link":"https:\/\/blogdoedvaldomagalhaes.com.br\/index.php\/2022\/12\/16\/vereador-e-assassinado-na-zona-rural-de-cachoeirinha\/","title":{"rendered":"Vereador \u00e9 assassinado na zona rural de Cachoeirinha"},"content":{"rendered":"<p style=\"text-align: justify;\">O vereador Ant\u00f4nio Pinheiro Xavier, conhecido como &#8216;Milton do \u00d4nibus&#8217;, de 62 anos de idade, foi assassinado na pr\u00f3pria resid\u00eancia com tiros na cabe\u00e7a na noite dessa quinta-feira (15), no S\u00edtio Caldeir\u00e3o, zona rural de Cachoeirinha, no Agreste de Pernambuco.<\/p>\n<p style=\"text-align: justify;\">Segundo informa\u00e7\u00f5es, a v\u00edtima estava em casa quando homens armados chegaram dizendo que era a pol\u00edcia e atiraram contra ele. O corpo foi encaminhado para o instituto de Medicina Legal (IML) de Caruaru.<\/p>\n<p style=\"text-align: justify;\">Siga o Instagram do Blog @blogdoedvaldomagalhaes<\/p>\n\n\n<figure class=\"wp-block-image size-full\"><img loading=\"lazy\" decoding=\"async\" width=\"160\" height=\"224\" src=\"https:\/\/blogdoedvaldomagalhaes.com.br\/wp-content\/uploads\/2022\/12\/IMG-20221216-WA0003.jpg\" alt=\"\" class=\"wp-image-90927\"\/><figcaption>Milton do \u00d4nibus<\/figcaption><\/figure>\n","protected":false},"excerpt":{"rendered":"<p>O vereador Ant\u00f4nio Pinheiro Xavier, conhecido como &#8216;Milton do \u00d4nibus&#8217;, de 62 anos de idade, foi assassinado na pr\u00f3pria resid\u00eancia&hellip;<\/p>\n","protected":false},"author":1,"featured_media":90926,"comment_status":"closed","ping_status":"open","sticky":false,"template":"","format":"standard","meta":{"footnotes":""},"categories":[14121],"tags":[2,19532,3406,26324],"class_list":["post-90925","post","type-post","status-publish","format-standard","has-post-thumbnail","hentry","category-policial","tag-blog-do-edvaldo-magalhaes","tag-blog-mais-acessado-e-visualizado-de-caruaru-e-regiao","tag-caruaru","tag-vereador-e-assassinado-na-zona-rural-de-cachoeirinha"],"_links":{"self":[{"href":"https:\/\/blogdoedvaldomagalhaes.com.br\/index.php\/wp-json\/wp\/v2\/posts\/90925","targetHints":{"allow":["GET"]}}],"collection":[{"href":"https:\/\/blogdoedvaldomagalhaes.com.br\/index.php\/wp-json\/wp\/v2\/posts"}],"about":[{"href":"https:\/\/blogdoedvaldomagalhaes.com.br\/index.php\/wp-json\/wp\/v2\/types\/post"}],"author":[{"embeddable":true,"href":"https:\/\/blogdoedvaldomagalhaes.com.br\/index.php\/wp-json\/wp\/v2\/users\/1"}],"replies":[{"embeddable":true,"href":"https:\/\/blogdoedvaldomagalhaes.com.br\/index.php\/wp-json\/wp\/v2\/comments?post=90925"}],"version-history":[{"count":1,"href":"https:\/\/blogdoedvaldomagalhaes.com.br\/index.php\/wp-json\/wp\/v2\/posts\/90925\/revisions"}],"predecessor-version":[{"id":90928,"href":"https:\/\/blogdoedvaldomagalhaes.com.br\/index.php\/wp-json\/wp\/v2\/posts\/90925\/revisions\/90928"}],"wp:featuredmedia":[{"embeddable":true,"href":"https:\/\/blogdoedvaldomagalhaes.com.br\/index.php\/wp-json\/wp\/v2\/media\/90926"}],"wp:attachment":[{"href":"https:\/\/blogdoedvaldomagalhaes.com.br\/index.php\/wp-json\/wp\/v2\/media?parent=90925"}],"wp:term":[{"taxonomy":"category","embeddable":true,"href":"https:\/\/blogdoedvaldomagalhaes.com.br\/index.php\/wp-json\/wp\/v2\/categories?post=90925"},{"taxonomy":"post_tag","embeddable":true,"href":"https:\/\/blogdoedvaldomagalhaes.com.br\/index.php\/wp-json\/wp\/v2\/tags?post=90925"}],"curies":[{"name":"wp","href":"https:\/\/api.w.org\/{rel}","templated":true}]}}