{"id":90922,"date":"2022-12-15T23:17:00","date_gmt":"2022-12-16T02:17:00","guid":{"rendered":"https:\/\/blogdoedvaldomagalhaes.com.br\/?p=90922"},"modified":"2022-12-15T23:17:01","modified_gmt":"2022-12-16T02:17:01","slug":"rodrigo-pinheiro-anuncia-o-primeiro-edital-do-maior-concurso-da-historia-de-caruaru","status":"publish","type":"post","link":"https:\/\/blogdoedvaldomagalhaes.com.br\/index.php\/2022\/12\/15\/rodrigo-pinheiro-anuncia-o-primeiro-edital-do-maior-concurso-da-historia-de-caruaru\/","title":{"rendered":"Rodrigo Pinheiro anuncia o primeiro edital do maior concurso da hist\u00f3ria de Caruaru"},"content":{"rendered":"<p style=\"text-align: justify;\"><span style=\"color: initial; font-size: revert;\">Ap\u00f3s anunciar a abertura de novas vagas para cargos efetivos da Prefeitura de Caruaru, por meio de concurso p\u00fablico municipal, e firmar contrato com o Instituto Brasileiro de Administra\u00e7\u00e3o Municipal (IBAM), para a realiza\u00e7\u00e3o do certame, o prefeito de Caruaru, Rodrigo Pinheiro, comunica a publica\u00e7\u00e3o do edital. Conforme divulgado anteriormente, a realiza\u00e7\u00e3o do concurso ser\u00e1 de modo faseado e, neste primeiro momento, ser\u00e1 publicado o primeiro edital do concurso, que \u00e9 o da Secretaria da Fazenda, com 24 vagas, sendo quatro vagas para auditor fiscal e 20 para t\u00e9cnico fazend\u00e1rio.<\/span><\/p>\n<p style=\"text-align: justify;\">Os sal\u00e1rios variam de R$ 1.500 (mil e quinhentos reais) para t\u00e9cnico fazend\u00e1rio (n\u00edvel m\u00e9dio), e R$ 4.000 (quatro mil reais) mais gratifica\u00e7\u00e3o de produtividade fiscal, para auditor municipal (n\u00edvel superior). O edital com todas as informa\u00e7\u00f5es ser\u00e1 publicado no Di\u00e1rio Oficial do Munic\u00edpio, no dia 22 deste m\u00eas.<\/p>\n<p style=\"text-align: justify;\">O pr\u00f3ximo edital est\u00e1 previsto para ser publicado no in\u00edcio de janeiro de 2023, para as vagas destinadas ao CaruaruPrev e URB. Os demais editais ser\u00e3o publicados de modo sequenciado.<\/p>\n<p style=\"text-align: justify;\">&#8220;At\u00e9 2023, iremos preencher, aproximadamente, 1.500 vagas, que ser\u00e3o ofertadas para diversas \u00e1reas como sa\u00fade, educa\u00e7\u00e3o, tr\u00e2nsito. \u00c9 uma necessidade do munic\u00edpio que a gente agora atende, junto ao Instituto IBAM, uma empresa com quase 70 anos de experi\u00eancia&#8221;, destacou o prefeito, que tamb\u00e9m explicou sobre a metodologia: \u201cA quest\u00e3o do concurso ser realizado de modo faseado, permitir\u00e1 aos concurseiros a oportunidade de participar, tamb\u00e9m, das vagas dos outros editais. N\u00f3s vamos come\u00e7ar com o primeiro edital, que ser\u00e1 publicado ainda este ano, e com o segundo, em janeiro de 2023, dando transpar\u00eancia aos nossos processos, como tudo que fazemos na nossa gest\u00e3o\u201d, finalizou Rodrigo.<\/p>\n<p style=\"text-align: justify;\">A realiza\u00e7\u00e3o do certame est\u00e1 sendo acompanhada e normatizada pela Secretaria de Administra\u00e7\u00e3o de Caruaru (SAD).<\/p>\n<p style=\"text-align: justify;\">*Sobre o Instituto Brasileiro de Administra\u00e7\u00e3o Municipal (IBAM)*<\/p>\n<p style=\"text-align: justify;\">O IBAM \u00e9 uma organiza\u00e7\u00e3o de natureza n\u00e3o-governamental, sob a forma jur\u00eddica de associa\u00e7\u00e3o civil, sem finalidade lucrativa, vocacionada para o desenvolvimento institucional dos munic\u00edpios sob a \u00f3tica de uma sociedade democr\u00e1tica e da valoriza\u00e7\u00e3o da cidadania.<\/p>\n<p style=\"text-align: justify;\">A experi\u00eancia que o Instituto acumulou, ao longo de quase 70 anos de exist\u00eancia, de relacionamento com as distintas esferas de governo, no Brasil e no exterior, constitui- se em fonte de refer\u00eancia para governos municipais, para o aprimoramento das rela\u00e7\u00f5es federativas e dos processos de descentraliza\u00e7\u00e3o do planejamento e da implementa\u00e7\u00e3o de pol\u00edticas p\u00fablicas. Atualmente a a\u00e7\u00e3o do Instituto d\u00e1-se em marco que visa fortalecer e aprimorar as capacidades locais dos diversos atores \u2013 governo e sociedade \u2013 criando condi\u00e7\u00f5es favor\u00e1veis para que atuem conjuntamente seja na melhoria da qualidade urbano-ambiental das cidades, seja na moderniza\u00e7\u00e3o das estruturas de gest\u00e3o municipais, ou, ainda, sobre as pr\u00f3prias potencialidades de desenvolvimento econ\u00f4mico local, com foco na inclus\u00e3o social. Foto: Elvis \u00c9dson.<\/p>\n<p style=\"text-align: justify;\">Siga o Instagram do Blog @blogdoedvaldomagalhaes<\/p>\n","protected":false},"excerpt":{"rendered":"<p>Ap\u00f3s anunciar a abertura de novas vagas para cargos efetivos da Prefeitura de Caruaru, por meio de concurso p\u00fablico municipal,&hellip;<\/p>\n","protected":false},"author":1,"featured_media":90923,"comment_status":"closed","ping_status":"open","sticky":false,"template":"","format":"standard","meta":{"footnotes":""},"categories":[14122],"tags":[2,19532,3406,26323],"class_list":["post-90922","post","type-post","status-publish","format-standard","has-post-thumbnail","hentry","category-politica","tag-blog-do-edvaldo-magalhaes","tag-blog-mais-acessado-e-visualizado-de-caruaru-e-regiao","tag-caruaru","tag-rodrigo-pinheiro-anuncia-o-primeiro-edital-do-maior-concurso-da-historia-de-caruaru"],"_links":{"self":[{"href":"https:\/\/blogdoedvaldomagalhaes.com.br\/index.php\/wp-json\/wp\/v2\/posts\/90922","targetHints":{"allow":["GET"]}}],"collection":[{"href":"https:\/\/blogdoedvaldomagalhaes.com.br\/index.php\/wp-json\/wp\/v2\/posts"}],"about":[{"href":"https:\/\/blogdoedvaldomagalhaes.com.br\/index.php\/wp-json\/wp\/v2\/types\/post"}],"author":[{"embeddable":true,"href":"https:\/\/blogdoedvaldomagalhaes.com.br\/index.php\/wp-json\/wp\/v2\/users\/1"}],"replies":[{"embeddable":true,"href":"https:\/\/blogdoedvaldomagalhaes.com.br\/index.php\/wp-json\/wp\/v2\/comments?post=90922"}],"version-history":[{"count":1,"href":"https:\/\/blogdoedvaldomagalhaes.com.br\/index.php\/wp-json\/wp\/v2\/posts\/90922\/revisions"}],"predecessor-version":[{"id":90924,"href":"https:\/\/blogdoedvaldomagalhaes.com.br\/index.php\/wp-json\/wp\/v2\/posts\/90922\/revisions\/90924"}],"wp:featuredmedia":[{"embeddable":true,"href":"https:\/\/blogdoedvaldomagalhaes.com.br\/index.php\/wp-json\/wp\/v2\/media\/90923"}],"wp:attachment":[{"href":"https:\/\/blogdoedvaldomagalhaes.com.br\/index.php\/wp-json\/wp\/v2\/media?parent=90922"}],"wp:term":[{"taxonomy":"category","embeddable":true,"href":"https:\/\/blogdoedvaldomagalhaes.com.br\/index.php\/wp-json\/wp\/v2\/categories?post=90922"},{"taxonomy":"post_tag","embeddable":true,"href":"https:\/\/blogdoedvaldomagalhaes.com.br\/index.php\/wp-json\/wp\/v2\/tags?post=90922"}],"curies":[{"name":"wp","href":"https:\/\/api.w.org\/{rel}","templated":true}]}}