{"id":90915,"date":"2022-12-15T22:00:26","date_gmt":"2022-12-16T01:00:26","guid":{"rendered":"https:\/\/blogdoedvaldomagalhaes.com.br\/?p=90915"},"modified":"2022-12-15T22:47:53","modified_gmt":"2022-12-16T01:47:53","slug":"motorista-morre-ao-colidir-na-traseira-de-caminhao-em-caruaru","status":"publish","type":"post","link":"https:\/\/blogdoedvaldomagalhaes.com.br\/index.php\/2022\/12\/15\/motorista-morre-ao-colidir-na-traseira-de-caminhao-em-caruaru\/","title":{"rendered":"Motorista morre ao colidir na traseira de caminh\u00e3o em Caruaru"},"content":{"rendered":"<p style=\"text-align: justify;\">Um colis\u00e3o com v\u00edtima fatal ocorreu na noite desta quinta-feira (15), na BR 104, em Caruaru. O motorista de um ve\u00edculo Hilux colidiu na traseira de um caminh\u00e3o e capotou.<\/p>\n<p style=\"text-align: justify;\">O sinistro aconteceu no sentido Caruaru\/Toritama. De acordo com populares, o ve\u00edculo estava em alta velocidade. O motorista morreu preso \u00e0s ferragens e outra pessoa ficou ferida.<\/p>\n<p style=\"text-align: justify;\">O condutor do caminh\u00e3o, que seguia de S\u00e3o Paulo para Campina Grande, na Para\u00edba, n\u00e3o ficou ferido e permanceu no local para prestar esclarecimentos \u00e0 Pol\u00edcia Rodovi\u00e1ria Federal (PRF).<\/p>\n<p style=\"text-align: justify;\">Siga o Instagram do Blog @blogdoedvaldomagalhaes<\/p>\n","protected":false},"excerpt":{"rendered":"<p>Um colis\u00e3o com v\u00edtima fatal ocorreu na noite desta quinta-feira (15), na BR 104, em Caruaru. O motorista de um&hellip;<\/p>\n","protected":false},"author":1,"featured_media":90916,"comment_status":"closed","ping_status":"open","sticky":false,"template":"","format":"standard","meta":{"footnotes":""},"categories":[14120],"tags":[2,19532,3406,26322],"class_list":["post-90915","post","type-post","status-publish","format-standard","has-post-thumbnail","hentry","category-noticias","tag-blog-do-edvaldo-magalhaes","tag-blog-mais-acessado-e-visualizado-de-caruaru-e-regiao","tag-caruaru","tag-motorista-morre-aoc-colidir-na-traseira-de-caminhao-em-caruaru"],"_links":{"self":[{"href":"https:\/\/blogdoedvaldomagalhaes.com.br\/index.php\/wp-json\/wp\/v2\/posts\/90915","targetHints":{"allow":["GET"]}}],"collection":[{"href":"https:\/\/blogdoedvaldomagalhaes.com.br\/index.php\/wp-json\/wp\/v2\/posts"}],"about":[{"href":"https:\/\/blogdoedvaldomagalhaes.com.br\/index.php\/wp-json\/wp\/v2\/types\/post"}],"author":[{"embeddable":true,"href":"https:\/\/blogdoedvaldomagalhaes.com.br\/index.php\/wp-json\/wp\/v2\/users\/1"}],"replies":[{"embeddable":true,"href":"https:\/\/blogdoedvaldomagalhaes.com.br\/index.php\/wp-json\/wp\/v2\/comments?post=90915"}],"version-history":[{"count":3,"href":"https:\/\/blogdoedvaldomagalhaes.com.br\/index.php\/wp-json\/wp\/v2\/posts\/90915\/revisions"}],"predecessor-version":[{"id":90921,"href":"https:\/\/blogdoedvaldomagalhaes.com.br\/index.php\/wp-json\/wp\/v2\/posts\/90915\/revisions\/90921"}],"wp:featuredmedia":[{"embeddable":true,"href":"https:\/\/blogdoedvaldomagalhaes.com.br\/index.php\/wp-json\/wp\/v2\/media\/90916"}],"wp:attachment":[{"href":"https:\/\/blogdoedvaldomagalhaes.com.br\/index.php\/wp-json\/wp\/v2\/media?parent=90915"}],"wp:term":[{"taxonomy":"category","embeddable":true,"href":"https:\/\/blogdoedvaldomagalhaes.com.br\/index.php\/wp-json\/wp\/v2\/categories?post=90915"},{"taxonomy":"post_tag","embeddable":true,"href":"https:\/\/blogdoedvaldomagalhaes.com.br\/index.php\/wp-json\/wp\/v2\/tags?post=90915"}],"curies":[{"name":"wp","href":"https:\/\/api.w.org\/{rel}","templated":true}]}}