{"id":90905,"date":"2022-12-15T18:20:01","date_gmt":"2022-12-15T21:20:01","guid":{"rendered":"https:\/\/blogdoedvaldomagalhaes.com.br\/?p=90905"},"modified":"2022-12-15T18:26:15","modified_gmt":"2022-12-15T21:26:15","slug":"cdl-caruaru-elege-e-empossa-nova-diretoria-para-o-trienio-2023-2025","status":"publish","type":"post","link":"https:\/\/blogdoedvaldomagalhaes.com.br\/index.php\/2022\/12\/15\/cdl-caruaru-elege-e-empossa-nova-diretoria-para-o-trienio-2023-2025\/","title":{"rendered":"CDL Caruaru elege e empossa nova diretoria para o tri\u00eanio 2023\/2025"},"content":{"rendered":"<p style=\"text-align: justify;\">Os s\u00f3cios efetivos da C\u00e2mara dos Dirigentes Lojistas de Caruaru se reuniram, na tarde desta quinta-feira (15), em assembleia geral ordin\u00e1ria para elei\u00e7\u00e3o da nova diretoria da institui\u00e7\u00e3o e do conselho fiscal para a gest\u00e3o 2023\/2025. Na ocasi\u00e3o, o empres\u00e1rio Rossini Batista encabe\u00e7ou a chapa \u00fanica, sendo eleito por aclama\u00e7\u00e3o pelos demais s\u00f3cios que compareceram a reuni\u00e3o com direito a voto.<\/p>\n<p style=\"text-align: justify;\">Na ocasi\u00e3o, Rossini Batista fez quest\u00e3o de ressaltar a alegria de estar \u00e0 frente da entidade. \u201cSinto-me privilegiado por ter a oportunidade de comandar as a\u00e7\u00f5es da CDL Caruaru. Prometo fazer o que estiver ao meu alcance para que todas as a\u00e7\u00f5es desenvolvidas em prol do crescimento do com\u00e9rcio local sejam realizadas com sucesso\u201d, afirma.<\/p>\n<p style=\"text-align: justify;\">Encerrando a reuni\u00e3o, o presidente da CDL Caruaru, Adjar Soares, parabenizou todos os companheiros e desejou sucesso na tarefa. \u201cA CDL Caruaru \u00e9 uma entidade que possui for\u00e7a e representa\u00e7\u00e3o, por isso parabenizo os companheiros eleitos para a nova gest\u00e3o e desejo sorte e empenho\u201d, completa.<\/p>\n<p style=\"text-align: justify;\">Siga o Instagram do Blog @blogdoedvaldomagalhaes<\/p>\n\n\n<figure class=\"wp-block-image size-large\"><img loading=\"lazy\" decoding=\"async\" width=\"768\" height=\"1024\" src=\"https:\/\/blogdoedvaldomagalhaes.com.br\/wp-content\/uploads\/2022\/12\/IMG-20221215-WA0068-768x1024.jpg\" alt=\"\" class=\"wp-image-90907\" srcset=\"https:\/\/blogdoedvaldomagalhaes.com.br\/wp-content\/uploads\/2022\/12\/IMG-20221215-WA0068-768x1024.jpg 768w, https:\/\/blogdoedvaldomagalhaes.com.br\/wp-content\/uploads\/2022\/12\/IMG-20221215-WA0068-225x300.jpg 225w, https:\/\/blogdoedvaldomagalhaes.com.br\/wp-content\/uploads\/2022\/12\/IMG-20221215-WA0068.jpg 960w\" sizes=\"auto, (max-width: 768px) 100vw, 768px\" \/><figcaption>Novo presidente Rossini Batista<\/figcaption><\/figure>\n\n\n\n<figure class=\"wp-block-image size-large is-resized\"><img loading=\"lazy\" decoding=\"async\" src=\"https:\/\/blogdoedvaldomagalhaes.com.br\/wp-content\/uploads\/2022\/12\/IMG-20221215-WA0064-1024x768.jpg\" alt=\"\" class=\"wp-image-90908\" width=\"376\" height=\"282\" srcset=\"https:\/\/blogdoedvaldomagalhaes.com.br\/wp-content\/uploads\/2022\/12\/IMG-20221215-WA0064-1024x768.jpg 1024w, https:\/\/blogdoedvaldomagalhaes.com.br\/wp-content\/uploads\/2022\/12\/IMG-20221215-WA0064-300x225.jpg 300w, https:\/\/blogdoedvaldomagalhaes.com.br\/wp-content\/uploads\/2022\/12\/IMG-20221215-WA0064-768x576.jpg 768w, https:\/\/blogdoedvaldomagalhaes.com.br\/wp-content\/uploads\/2022\/12\/IMG-20221215-WA0064-160x120.jpg 160w, https:\/\/blogdoedvaldomagalhaes.com.br\/wp-content\/uploads\/2022\/12\/IMG-20221215-WA0064.jpg 1280w\" sizes=\"auto, (max-width: 376px) 100vw, 376px\" \/><figcaption>Augusto Costa, Newton Montenegro, Adjar Soares, Bernardo Barbosa, Jan Grumber e Cl\u00e1udio Mendon\u00e7a <\/figcaption><\/figure>\n\n\n\n<figure class=\"wp-block-image size-large\"><img loading=\"lazy\" decoding=\"async\" width=\"1024\" height=\"768\" src=\"https:\/\/blogdoedvaldomagalhaes.com.br\/wp-content\/uploads\/2022\/12\/IMG-20221215-WA0065-1024x768.jpg\" alt=\"\" class=\"wp-image-90909\" srcset=\"https:\/\/blogdoedvaldomagalhaes.com.br\/wp-content\/uploads\/2022\/12\/IMG-20221215-WA0065-1024x768.jpg 1024w, https:\/\/blogdoedvaldomagalhaes.com.br\/wp-content\/uploads\/2022\/12\/IMG-20221215-WA0065-300x225.jpg 300w, https:\/\/blogdoedvaldomagalhaes.com.br\/wp-content\/uploads\/2022\/12\/IMG-20221215-WA0065-768x576.jpg 768w, https:\/\/blogdoedvaldomagalhaes.com.br\/wp-content\/uploads\/2022\/12\/IMG-20221215-WA0065-160x120.jpg 160w, https:\/\/blogdoedvaldomagalhaes.com.br\/wp-content\/uploads\/2022\/12\/IMG-20221215-WA0065.jpg 1280w\" sizes=\"auto, (max-width: 1024px) 100vw, 1024px\" \/><figcaption>Comiss\u00e3o Eleitoral da CDL Caruaru <\/figcaption><\/figure>\n","protected":false},"excerpt":{"rendered":"<p>Os s\u00f3cios efetivos da C\u00e2mara dos Dirigentes Lojistas de Caruaru se reuniram, na tarde desta quinta-feira (15), em assembleia geral&hellip;<\/p>\n","protected":false},"author":1,"featured_media":90906,"comment_status":"closed","ping_status":"open","sticky":false,"template":"","format":"standard","meta":{"footnotes":""},"categories":[14120],"tags":[2,19532,3406,26321],"class_list":["post-90905","post","type-post","status-publish","format-standard","has-post-thumbnail","hentry","category-noticias","tag-blog-do-edvaldo-magalhaes","tag-blog-mais-acessado-e-visualizado-de-caruaru-e-regiao","tag-caruaru","tag-cdl-caruaru-elege-e-empossa-nova-diretoria-para-o-trienio-2023-2025"],"_links":{"self":[{"href":"https:\/\/blogdoedvaldomagalhaes.com.br\/index.php\/wp-json\/wp\/v2\/posts\/90905","targetHints":{"allow":["GET"]}}],"collection":[{"href":"https:\/\/blogdoedvaldomagalhaes.com.br\/index.php\/wp-json\/wp\/v2\/posts"}],"about":[{"href":"https:\/\/blogdoedvaldomagalhaes.com.br\/index.php\/wp-json\/wp\/v2\/types\/post"}],"author":[{"embeddable":true,"href":"https:\/\/blogdoedvaldomagalhaes.com.br\/index.php\/wp-json\/wp\/v2\/users\/1"}],"replies":[{"embeddable":true,"href":"https:\/\/blogdoedvaldomagalhaes.com.br\/index.php\/wp-json\/wp\/v2\/comments?post=90905"}],"version-history":[{"count":3,"href":"https:\/\/blogdoedvaldomagalhaes.com.br\/index.php\/wp-json\/wp\/v2\/posts\/90905\/revisions"}],"predecessor-version":[{"id":90913,"href":"https:\/\/blogdoedvaldomagalhaes.com.br\/index.php\/wp-json\/wp\/v2\/posts\/90905\/revisions\/90913"}],"wp:featuredmedia":[{"embeddable":true,"href":"https:\/\/blogdoedvaldomagalhaes.com.br\/index.php\/wp-json\/wp\/v2\/media\/90906"}],"wp:attachment":[{"href":"https:\/\/blogdoedvaldomagalhaes.com.br\/index.php\/wp-json\/wp\/v2\/media?parent=90905"}],"wp:term":[{"taxonomy":"category","embeddable":true,"href":"https:\/\/blogdoedvaldomagalhaes.com.br\/index.php\/wp-json\/wp\/v2\/categories?post=90905"},{"taxonomy":"post_tag","embeddable":true,"href":"https:\/\/blogdoedvaldomagalhaes.com.br\/index.php\/wp-json\/wp\/v2\/tags?post=90905"}],"curies":[{"name":"wp","href":"https:\/\/api.w.org\/{rel}","templated":true}]}}