{"id":90902,"date":"2022-12-15T17:42:05","date_gmt":"2022-12-15T20:42:05","guid":{"rendered":"https:\/\/blogdoedvaldomagalhaes.com.br\/?p=90902"},"modified":"2022-12-15T20:36:48","modified_gmt":"2022-12-15T23:36:48","slug":"guarda-municipal-de-caruaru-conduz-a-delegacia-de-arrombar-loja-no-centro-da-cidade","status":"publish","type":"post","link":"https:\/\/blogdoedvaldomagalhaes.com.br\/index.php\/2022\/12\/15\/guarda-municipal-de-caruaru-conduz-a-delegacia-de-arrombar-loja-no-centro-da-cidade\/","title":{"rendered":"Guarda Municipal de Caruaru conduz \u00e0 delegacia suspeito de arrombar loja no centro da cidade"},"content":{"rendered":"<p style=\"text-align: justify;\"><span style=\"font-size: revert; color: initial;\">Na madrugada desta quinta-feira (15), a Guarda Municipal de Caruaru (GM) estava realizando rondas pela rua Porto Alegre, no Centro da cidade, e identificou um estabelecimento com a porta arrombada. Ap\u00f3s verifica\u00e7\u00e3o das imagens, por meio do Centro Integrado de Monitoramento (CIM), foi identificado o suspeito.<\/span><\/p>\n<p style=\"text-align: justify;\">A GM realizou buscas nas ruas pr\u00f3ximas, um homem foi detido suspeito do delito. O mesmo foi conduzido at\u00e9 a Delegacia de Plant\u00e3o para que fossem tomadas as medidas cab\u00edveis.<\/p>\n<p style=\"text-align: justify;\">*Furto de fios -* Na madrugada da \u00faltima quarta-feira (14), as c\u00e2meras do CIM, identificaram um suspeito furtando fios na Pra\u00e7a do Ros\u00e1rio. Um adolescente foi identificado e detido por uma equipe da GM, os cabos foram recuperados e o suspeito foi conduzido at\u00e9 a Delegacia de Plant\u00e3o para as medidas cab\u00edveis. Foto: Divulga\u00e7\u00e3o.<\/p>\n<p style=\"text-align: justify;\">Siga o Instagram do Blog @blogdoedvaldomagalhaes<\/p>\n","protected":false},"excerpt":{"rendered":"<p>Na madrugada desta quinta-feira (15), a Guarda Municipal de Caruaru (GM) estava realizando rondas pela rua Porto Alegre, no Centro&hellip;<\/p>\n","protected":false},"author":1,"featured_media":90903,"comment_status":"closed","ping_status":"open","sticky":false,"template":"","format":"standard","meta":{"footnotes":""},"categories":[14120],"tags":[2,19532,3406,26320],"class_list":["post-90902","post","type-post","status-publish","format-standard","has-post-thumbnail","hentry","category-noticias","tag-blog-do-edvaldo-magalhaes","tag-blog-mais-acessado-e-visualizado-de-caruaru-e-regiao","tag-caruaru","tag-guarda-municipal-de-caruaru-conduz-a-delegacia-de-arrombar-loja-no-centro-da-cidade"],"_links":{"self":[{"href":"https:\/\/blogdoedvaldomagalhaes.com.br\/index.php\/wp-json\/wp\/v2\/posts\/90902","targetHints":{"allow":["GET"]}}],"collection":[{"href":"https:\/\/blogdoedvaldomagalhaes.com.br\/index.php\/wp-json\/wp\/v2\/posts"}],"about":[{"href":"https:\/\/blogdoedvaldomagalhaes.com.br\/index.php\/wp-json\/wp\/v2\/types\/post"}],"author":[{"embeddable":true,"href":"https:\/\/blogdoedvaldomagalhaes.com.br\/index.php\/wp-json\/wp\/v2\/users\/1"}],"replies":[{"embeddable":true,"href":"https:\/\/blogdoedvaldomagalhaes.com.br\/index.php\/wp-json\/wp\/v2\/comments?post=90902"}],"version-history":[{"count":2,"href":"https:\/\/blogdoedvaldomagalhaes.com.br\/index.php\/wp-json\/wp\/v2\/posts\/90902\/revisions"}],"predecessor-version":[{"id":90914,"href":"https:\/\/blogdoedvaldomagalhaes.com.br\/index.php\/wp-json\/wp\/v2\/posts\/90902\/revisions\/90914"}],"wp:featuredmedia":[{"embeddable":true,"href":"https:\/\/blogdoedvaldomagalhaes.com.br\/index.php\/wp-json\/wp\/v2\/media\/90903"}],"wp:attachment":[{"href":"https:\/\/blogdoedvaldomagalhaes.com.br\/index.php\/wp-json\/wp\/v2\/media?parent=90902"}],"wp:term":[{"taxonomy":"category","embeddable":true,"href":"https:\/\/blogdoedvaldomagalhaes.com.br\/index.php\/wp-json\/wp\/v2\/categories?post=90902"},{"taxonomy":"post_tag","embeddable":true,"href":"https:\/\/blogdoedvaldomagalhaes.com.br\/index.php\/wp-json\/wp\/v2\/tags?post=90902"}],"curies":[{"name":"wp","href":"https:\/\/api.w.org\/{rel}","templated":true}]}}